{"id":3871,"date":"2026-04-28T07:26:46","date_gmt":"2026-04-28T06:26:46","guid":{"rendered":"https:\/\/collectifcitoyen.org\/?p=3871"},"modified":"2026-04-28T07:26:46","modified_gmt":"2026-04-28T06:26:46","slug":"racisme-non-merci","status":"publish","type":"post","link":"https:\/\/collectifcitoyen.org\/?p=3871","title":{"rendered":"Racisme : non merci"},"content":{"rendered":"\n<figure class=\"wp-block-table\"><table><tbody><tr><td><strong>En 2025, la d\u00e9shumanisation des personnes \u00e9trang\u00e8res a franchi un nouveau cap.<\/strong>En France, l&rsquo;application des r\u00e9glementations prises ces deux derni\u00e8res ann\u00e9es en mati\u00e8re d&rsquo;immigration continue de transformer notre politique migratoire en une v\u00e9ritable \u00ab fabrique de personnes sans-papiers \u00bb.&nbsp;<strong>Des milliers de femmes, d&rsquo;hommes et d&rsquo;enfants, souvent install\u00e9s en France depuis des ann\u00e9es, travaillant, payant leurs imp\u00f4ts, \u00e9levant leurs enfants ici, voient leur vie bris\u00e9e du jour au lendemain.<\/strong>Ce contexte fran\u00e7ais est malheureusement influenc\u00e9 par les tendances tr\u00e8s inqui\u00e9tantes qui se d\u00e9ploient \u00e0 l&rsquo;\u00e9chelle mondiale&nbsp;:&nbsp;aux \u00c9tats-Unis, les politiques conduites par l&rsquo;administration de Donald Trump nous rappellent chaque jour comment le rejet des personnes migrantes peut alimenter des mesures de violence et de d\u00e9shumanisation. L&rsquo;Europe en parall\u00e8le ne cesse de d\u00e9ployer des orientations de plus en plus restrictives.Ces politiques ne se contentent pas de criminaliser l&rsquo;exil :&nbsp;<strong>elles attisent les peurs, d\u00e9signent des boucs \u00e9missaires, \u00e9branlent nos valeurs de solidarit\u00e9 et d&rsquo;humanit\u00e9.<\/strong><\/td><\/tr><\/tbody><\/table><\/figure>\n\n\n\n<figure class=\"wp-block-table\"><table><tbody><tr><td><strong>Il nous faut r\u00e9agir, r\u00e9sister et montrer notre solidarit\u00e9 avec les personnes migrantes <\/strong><br><strong>\u00c0 l&rsquo;heure o\u00f9 les stigmatisations et les violences se multiplient, nous avons besoin de vous.<\/strong><\/td><\/tr><\/tbody><\/table><\/figure>\n","protected":false},"excerpt":{"rendered":"<p>En 2025, la d\u00e9shumanisation des personnes \u00e9trang\u00e8res a franchi un nouveau cap.En France, l&rsquo;application des r\u00e9glementations prises ces deux derni\u00e8res ann\u00e9es en mati\u00e8re d&rsquo;immigration continue de transformer notre politique migratoire en une v\u00e9ritable \u00ab fabrique de personnes sans-papiers \u00bb.&nbsp;Des milliers de femmes, d&rsquo;hommes et d&rsquo;enfants, souvent install\u00e9s en France depuis des ann\u00e9es, travaillant, payant leurs [&hellip;]<\/p>\n","protected":false},"author":1,"featured_media":0,"comment_status":"closed","ping_status":"closed","sticky":false,"template":"","format":"standard","meta":{"sfsi_plus_gutenberg_text_before_share":"","sfsi_plus_gutenberg_show_text_before_share":"","sfsi_plus_gutenberg_icon_type":"","sfsi_plus_gutenberg_icon_alignemt":"","sfsi_plus_gutenburg_max_per_row":"","footnotes":""},"categories":[1],"tags":[],"_links":{"self":[{"href":"https:\/\/collectifcitoyen.org\/index.php?rest_route=\/wp\/v2\/posts\/3871"}],"collection":[{"href":"https:\/\/collectifcitoyen.org\/index.php?rest_route=\/wp\/v2\/posts"}],"about":[{"href":"https:\/\/collectifcitoyen.org\/index.php?rest_route=\/wp\/v2\/types\/post"}],"author":[{"embeddable":true,"href":"https:\/\/collectifcitoyen.org\/index.php?rest_route=\/wp\/v2\/users\/1"}],"replies":[{"embeddable":true,"href":"https:\/\/collectifcitoyen.org\/index.php?rest_route=%2Fwp%2Fv2%2Fcomments&post=3871"}],"version-history":[{"count":1,"href":"https:\/\/collectifcitoyen.org\/index.php?rest_route=\/wp\/v2\/posts\/3871\/revisions"}],"predecessor-version":[{"id":3872,"href":"https:\/\/collectifcitoyen.org\/index.php?rest_route=\/wp\/v2\/posts\/3871\/revisions\/3872"}],"wp:attachment":[{"href":"https:\/\/collectifcitoyen.org\/index.php?rest_route=%2Fwp%2Fv2%2Fmedia&parent=3871"}],"wp:term":[{"taxonomy":"category","embeddable":true,"href":"https:\/\/collectifcitoyen.org\/index.php?rest_route=%2Fwp%2Fv2%2Fcategories&post=3871"},{"taxonomy":"post_tag","embeddable":true,"href":"https:\/\/collectifcitoyen.org\/index.php?rest_route=%2Fwp%2Fv2%2Ftags&post=3871"}],"curies":[{"name":"wp","href":"https:\/\/api.w.org\/{rel}","templated":true}]}}