{"id":3819,"date":"2025-10-29T10:10:16","date_gmt":"2025-10-29T09:10:16","guid":{"rendered":"https:\/\/collectifcitoyen.org\/?p=3819"},"modified":"2025-12-05T20:50:03","modified_gmt":"2025-12-05T19:50:03","slug":"le-grand-declassement","status":"publish","type":"post","link":"https:\/\/collectifcitoyen.org\/?p=3819","title":{"rendered":"Le grand d\u00e9classement"},"content":{"rendered":"\n<p><strong>Les jeunes de 1975 aux jeunes de 2025 : <\/strong><\/p>\n\n\n\n<p>En 2024, trois Fran\u00e7ais sur quatre estiment que \u00ab c\u2019\u00e9tait mieux avant \u00bb. Cette nostalgie ne touche pas que les personnes \u00e2g\u00e9es : deux jeunes de moins de 35 ans sur trois partagent ce diagnostic.<\/p>\n\n\n\n<p class=\"has-vivid-red-color has-text-color has-link-color wp-elements-6b2fe4ffbfc9e42ef5724fa17ce60baf\"><strong>Mais est-ce bien le cas ? <\/strong><\/p>\n\n\n\n<p class=\"has-black-color has-text-color has-link-color wp-elements-2bcd88a48587da184c9b577b4387b348\">Dans la France d\u2019aujourd\u2019hui, un jeune de 30 ans vit-il moins bien qu\u2019un jeune de 30 ans au milieu des ann\u00e9es 1970 ? Sans pr\u00e9tendre \u00e0 l\u2019exhaustivit\u00e9, sans sous-estimer non plus la diversit\u00e9 de situations des jeunes, qui ne sont pas un bloc (pas plus que les retrait\u00e9s), il est int\u00e9ressant de se poser les bonnes questions<\/p>\n\n\n\n<p class=\"has-vivid-red-color has-text-color has-link-color wp-elements-a93ace84a0259f0de0aee853c5fe7612\"><strong>Les jeunes d\u2019aujourd\u2019hui sont nettement plus dipl\u00f4m\u00e9s que leurs a\u00een\u00e9s : <\/strong><\/p>\n\n\n\n<p>Plus d\u2019un jeune sur deux (25-34 ans) est dipl\u00f4m\u00e9 de l\u2019enseignement sup\u00e9rieur, contre un sur cinq en 1975.<br>Le temps libre, hors activit\u00e9s professionnelles et domestiques \u2013 a augment\u00e9 d\u2019une heure vingt par jour depuis 1975 <\/p>\n\n\n\n<p>L&rsquo;\u00e9cart salarial entre femmes et hommes a \u00e9t\u00e9 divis\u00e9 par deux entre le d\u00e9but des ann\u00e9es 1980 et aujourd\u2019hui, mais reste un probl\u00e8me majeur <\/p>\n\n\n\n<p>Une femme de 30 ans en 1975 n\u2019avait pas acc\u00e8s \u00e0 la contraception au d\u00e9but de sa vingtaine ni l\u2019autorisation de travailler sans le consentement de son mari<\/p>\n\n\n\n<p class=\"has-luminous-vivid-orange-color has-text-color has-link-color wp-elements-bd6c4b9e0638e345778bbcd93c88c172\">Pourtant le d\u00e9classement n\u2019est pas juste un sentiment.<\/p>\n\n\n\n<p class=\"has-black-color has-text-color has-link-color wp-elements-560c074e835231708d115cfdd75bfb0c\">Les moins de 30 ans sont moins nombreux qu\u2019en 1975, et ne repr\u00e9sentent plus qu\u2019un tiers de la population (contre la moiti\u00e9 en 1975). <\/p>\n\n\n\n<p class=\"has-black-color has-text-color has-link-color wp-elements-1d79ea27df1e2742ed3f8ed4ddfed84e\">Surtout, leurs salaires nets ont augment\u00e9 moins vite que ceux des autres actifs : leur revenu moyen est aujourd\u2019hui inf\u00e9rieur \u00e0 celui des 50-54 ans, il \u00e9tait sup\u00e9rieur il y a quarante ans.<\/p>\n\n\n\n<p class=\"has-vivid-red-color has-text-color has-link-color wp-elements-3274635097e63fb8a2ff92b0af6183f8\">Trois domaines surtout illustrent et alimentent le malaise des jeunes actifs d\u2019aujourd\u2019hui : le patrimoine, le logement et le dipl\u00f4me.<\/p>\n\n\n\n<p class=\"has-black-color has-text-color has-link-color wp-elements-f72df76f15ebee32abc399bcabdb25b7\"> En 1986, le patrimoine m\u00e9dian des 30-39 ans \u00e9tait sup\u00e9rieur \u00e0 celui des plus de 70 ans, il est aujourd\u2019hui quatre fois inf\u00e9rieur. <br>Pour acqu\u00e9rir le m\u00eame logement, avec le m\u00eame taux d\u2019effort et le m\u00eame apport, l\u00e0 o\u00f9 il fallait dix ans de remboursement en 1975, il en faut vingt-trois en 2025\u2026 Il faut noter que  la sp\u00e9culation fonci\u00e8re a largement p\u00e9nalis\u00e9 les plus jeunes<\/p>\n\n\n\n<p class=\"has-black-color has-text-color has-link-color wp-elements-9071289476d4498835ccc342922022f5\">Cet acc\u00e8s au logement est massivement plus in\u00e9galitaire aujourd\u2019hui : dans le quart des jeunes (25-45 ans) les plus pauvres, seuls 17 % sont d\u00e9sormais propri\u00e9taires (contre 35 % en 1973) ; dans le quart des jeunes les plus riches, 67 % sont propri\u00e9taires<br>(contre 43 % en 1973).<\/p>\n\n\n\n<p class=\"has-vivid-red-color has-text-color has-link-color wp-elements-597ecffd3ebc32fb7377c32cee3d500d\">Si le niveau de dipl\u00f4me moyen a augment\u00e9, le niveau d\u2019emploi obtenu n\u2019a pas suivi :<\/p>\n\n\n\n<p class=\"has-black-color has-text-color has-link-color wp-elements-252d483d81c501ea461613fd6d7e9094\">Les formes d\u2019emploi pr\u00e9caires se sont d\u00e9velopp\u00e9es, notamment pour les jeunes femmes. Ce d\u00e9calage croissant dipl\u00f4me \/ emploi est frappant : en 2021, 36 % des dipl\u00f4m\u00e9s du baccalaur\u00e9at occupaient un poste d\u2019ouvrier ou un emploi peu qualifi\u00e9, contre 11 % seulement au d\u00e9but des ann\u00e9es 1980.<\/p>\n\n\n\n<p class=\"has-vivid-red-color has-text-color has-link-color wp-elements-82fec60e0c8f6861bfff2ff86fb0b5aa\">Trois quarts des Fran\u00e7ais consid\u00e8rent que c&rsquo;\u00e9tait mieux avant y compris 67 % des moins de 35 ans.<\/p>\n\n\n\n<p class=\"has-black-color has-text-color has-link-color wp-elements-e4c698ccc86a4f898e9b2912fb26aecc\">Quand on demande toutefois aux plus jeunes de regarder l\u2019avenir qui est devant eux, et non un pass\u00e9 qu\u2019ils n\u2019ont pas connu, l\u2019optimisme est bien plus grand, sup\u00e9rieur \u00e0 celui de toutes les classes d\u2019\u00e2ge :<br>56 % des 18-24 ans pensent qu\u2019ils seront plus heureux en 2035 qu\u2019aujourd\u2019hui, contre 20 % pour les Fran\u00e7ais en moyenne. Et si c\u2019\u00e9tait mieux demain ?<\/p>\n\n\n\n<ol>\n<li>Sources <br>CL\u00c9MENT BEAUNE Haut-commissaire \u00e0 la Strat\u00e9gie et au Plan<br>JEUNESSE D\u2019HIER ET D\u2019AUJOURD\u2019HUI :<br><\/li>\n<\/ol>\n","protected":false},"excerpt":{"rendered":"<p>Les jeunes de 1975 aux jeunes de 2025 : En 2024, trois Fran\u00e7ais sur quatre estiment que \u00ab c\u2019\u00e9tait mieux avant \u00bb. Cette nostalgie ne touche pas que les personnes \u00e2g\u00e9es : deux jeunes de moins de 35 ans sur trois partagent ce diagnostic. Mais est-ce bien le cas ? Dans la France d\u2019aujourd\u2019hui, un [&hellip;]<\/p>\n","protected":false},"author":1,"featured_media":0,"comment_status":"closed","ping_status":"closed","sticky":true,"template":"","format":"standard","meta":{"sfsi_plus_gutenberg_text_before_share":"","sfsi_plus_gutenberg_show_text_before_share":"","sfsi_plus_gutenberg_icon_type":"","sfsi_plus_gutenberg_icon_alignemt":"","sfsi_plus_gutenburg_max_per_row":"","footnotes":""},"categories":[35],"tags":[],"_links":{"self":[{"href":"https:\/\/collectifcitoyen.org\/index.php?rest_route=\/wp\/v2\/posts\/3819"}],"collection":[{"href":"https:\/\/collectifcitoyen.org\/index.php?rest_route=\/wp\/v2\/posts"}],"about":[{"href":"https:\/\/collectifcitoyen.org\/index.php?rest_route=\/wp\/v2\/types\/post"}],"author":[{"embeddable":true,"href":"https:\/\/collectifcitoyen.org\/index.php?rest_route=\/wp\/v2\/users\/1"}],"replies":[{"embeddable":true,"href":"https:\/\/collectifcitoyen.org\/index.php?rest_route=%2Fwp%2Fv2%2Fcomments&post=3819"}],"version-history":[{"count":7,"href":"https:\/\/collectifcitoyen.org\/index.php?rest_route=\/wp\/v2\/posts\/3819\/revisions"}],"predecessor-version":[{"id":3862,"href":"https:\/\/collectifcitoyen.org\/index.php?rest_route=\/wp\/v2\/posts\/3819\/revisions\/3862"}],"wp:attachment":[{"href":"https:\/\/collectifcitoyen.org\/index.php?rest_route=%2Fwp%2Fv2%2Fmedia&parent=3819"}],"wp:term":[{"taxonomy":"category","embeddable":true,"href":"https:\/\/collectifcitoyen.org\/index.php?rest_route=%2Fwp%2Fv2%2Fcategories&post=3819"},{"taxonomy":"post_tag","embeddable":true,"href":"https:\/\/collectifcitoyen.org\/index.php?rest_route=%2Fwp%2Fv2%2Ftags&post=3819"}],"curies":[{"name":"wp","href":"https:\/\/api.w.org\/{rel}","templated":true}]}}