{"id":3812,"date":"2025-10-28T18:49:17","date_gmt":"2025-10-28T17:49:17","guid":{"rendered":"https:\/\/collectifcitoyen.org\/?p=3812"},"modified":"2025-12-05T21:02:23","modified_gmt":"2025-12-05T20:02:23","slug":"la-taxe-zucman","status":"publish","type":"post","link":"https:\/\/collectifcitoyen.org\/?p=3812","title":{"rendered":"\u00a0La \u00ab\u00a0taxe Zucman\u00a0\u00bb"},"content":{"rendered":"\n<p>&nbsp;La \u00ab\u00a0taxe Zucman\u00a0\u00bb, du nom de l&rsquo;\u00e9conomiste Gabriel Zucman. Si les quatre groupes de gauche (LFI, PS, \u00e9cologiste et communiste), ainsi qu&rsquo;une grande majorit\u00e9 de citoyens d\u00e9fendent l&rsquo;instauration de cette taxe, le gouvernement, le RN&nbsp;et le reste de l&rsquo;h\u00e9micycle y sont fermement hostiles.<\/p>\n\n\n\n<h2 class=\"wp-block-heading has-vivid-red-color has-text-color has-link-color wp-elements-408add60294ed8863d68f5b53d5c4974\">Que pr\u00e9voit la \u00ab\u00a0taxe Zucman\u00a0\u00bb ?<\/h2>\n\n\n\n<p>La \u00ab\u00a0taxe Zucman\u00a0\u00bb pr\u00e9voit l&rsquo;application d&rsquo;une&nbsp;<em>\u00ab\u00a0contribution diff\u00e9rentielle\u00a0\u00bb,<\/em>&nbsp;un imp\u00f4t plancher,&nbsp;visant <strong>les patrimoines de plus 100 millions d&rsquo;euros<\/strong>.&nbsp;<\/p>\n\n\n\n<p>L&rsquo;objectif est d&rsquo;assurer que ces contribuables \u00ab\u00a0ultra-riches\u00a0\u00bb payent bien&nbsp;<strong>au moins 2% de leur fortune en imp\u00f4t<\/strong>&nbsp;et de redonner sens \u00e0 l\u2019engagement d\u2019\u00e9galit\u00e9 pr\u00e9vu dans la constitution.&nbsp;<\/p>\n\n\n\n<p>IL s\u2019agit juste de faire en sorte que les plus riches paient la m\u00eame chose que les citoyens ordinaires ou que les PME. C\u2019est juste un minimum de justice&nbsp;fiscale !<\/p>\n\n\n\n<p>Il faut en finir avec les strat\u00e9gies organis\u00e9es par les sp\u00e9cialistes de l\u2019\u00e9vasion fiscale qui permettent \u00e0 certains multimillionnaires, de structurer leur patrimoine pour en diminuer la fiscalit\u00e9.&nbsp;<\/p>\n\n\n\n<p>Si le montant des imp\u00f4ts pay\u00e9s par ces foyers (sur le revenu, fortune immobili\u00e8re ou encore CSG) atteint d\u00e9j\u00e0 2%, alors ils n&rsquo;auraient pas besoin de s&rsquo;acquitter de la \u00ab\u00a0taxe Zucman\u00a0\u00bb.<\/p>\n\n\n\n<p class=\"has-vivid-red-color has-text-color has-link-color wp-elements-e8ec0fb316f47f13a395ecc5a615ff8c\"><strong>Avec la taxe, Gabriel Zucman, la gauche voulaient rapporter de 15 \u00e0 20 milliards d&rsquo;euros&nbsp;<\/strong><\/p>\n\n\n\n<p><em>\u00ab\u00a0\u00c7a ne concerne que les ultrariches (qui) font de la sur-optimisation fiscale. Ceux qui payent r\u00e9guli\u00e8rement leurs imp\u00f4ts payent d\u00e9j\u00e0 plus de 2%\u00a0\u00bb<\/em>,.<\/p>\n\n\n\n<p class=\"has-vivid-red-color has-text-color has-link-color wp-elements-591158007bef10ea8f91a24e8b3696b8\"><strong>La \u00ab\u00a0taxe Zucman\u00a0\u00bb est refus\u00e9e, au centre, \u00e0 droite, \u00e0 l\u2018extr\u00eame droite et dans le monde patronal<\/strong>.<\/p>\n\n\n\n<p>Face aux critiques, le PS a propos\u00e9 une alternative&nbsp;: un imp\u00f4t minimum de 3% \u00e0 partir de 10 millions d&rsquo;euros de patrimoine, mais en excluant les entreprises innovantes et familiales ce qui ne peut que satisfaire les grandes fortunes (LVMH, Dior etc)&nbsp;<\/p>\n\n\n\n<p>Cette version rapporterait cinq \u00e0 sept milliards d&rsquo;euros selon le PS, soit deux fois moins que ce qui est attendu de la taxe Zucman.<\/p>\n\n\n\n<p>Mais cette version all\u00e9g\u00e9e&nbsp;n&rsquo;a pas eu le soutien de LR, ni du RN.&nbsp;<\/p>\n\n\n\n<p>La taxe Zucman, c&rsquo;est&nbsp;<em>\u00ab\u00a0non, ni light ni hard ni rien du tout\u00a0\u00bb<\/em>, a rench\u00e9ri Marine Le Pen, affirmant qu&rsquo;elle touchait&nbsp;<em>\u00ab\u00a0beaucoup plus de personnes\u00a0\u00bb<\/em>que la version d&rsquo;origine.<\/p>\n\n\n\n<p class=\"has-vivid-red-color has-text-color has-link-color wp-elements-9dc60c14ded41aab145fc6f520f43969\"><strong>A nous les citoyens d&rsquo;imposer cette taxe \u00e0 ces \u00ab\u00a0pauvres riches\u00a0\u00bb qui n&rsquo;ont pas le sens de la patrie. Si la France est en faillite, il faut qu&rsquo;ils contribuent \u00e0 la sauver et ils devraient le faire sans qu&rsquo;on leur demande. C&rsquo;est insens\u00e9.<\/strong><\/p>\n","protected":false},"excerpt":{"rendered":"<p>&nbsp;La \u00ab\u00a0taxe Zucman\u00a0\u00bb, du nom de l&rsquo;\u00e9conomiste Gabriel Zucman. Si les quatre groupes de gauche (LFI, PS, \u00e9cologiste et communiste), ainsi qu&rsquo;une grande majorit\u00e9 de citoyens d\u00e9fendent l&rsquo;instauration de cette taxe, le gouvernement, le RN&nbsp;et le reste de l&rsquo;h\u00e9micycle y sont fermement hostiles. Que pr\u00e9voit la \u00ab\u00a0taxe Zucman\u00a0\u00bb ? La \u00ab\u00a0taxe Zucman\u00a0\u00bb pr\u00e9voit l&rsquo;application d&rsquo;une&nbsp;\u00ab\u00a0contribution [&hellip;]<\/p>\n","protected":false},"author":1,"featured_media":0,"comment_status":"closed","ping_status":"closed","sticky":true,"template":"","format":"standard","meta":{"sfsi_plus_gutenberg_text_before_share":"","sfsi_plus_gutenberg_show_text_before_share":"","sfsi_plus_gutenberg_icon_type":"","sfsi_plus_gutenberg_icon_alignemt":"","sfsi_plus_gutenburg_max_per_row":"","footnotes":""},"categories":[35],"tags":[],"_links":{"self":[{"href":"https:\/\/collectifcitoyen.org\/index.php?rest_route=\/wp\/v2\/posts\/3812"}],"collection":[{"href":"https:\/\/collectifcitoyen.org\/index.php?rest_route=\/wp\/v2\/posts"}],"about":[{"href":"https:\/\/collectifcitoyen.org\/index.php?rest_route=\/wp\/v2\/types\/post"}],"author":[{"embeddable":true,"href":"https:\/\/collectifcitoyen.org\/index.php?rest_route=\/wp\/v2\/users\/1"}],"replies":[{"embeddable":true,"href":"https:\/\/collectifcitoyen.org\/index.php?rest_route=%2Fwp%2Fv2%2Fcomments&post=3812"}],"version-history":[{"count":6,"href":"https:\/\/collectifcitoyen.org\/index.php?rest_route=\/wp\/v2\/posts\/3812\/revisions"}],"predecessor-version":[{"id":3866,"href":"https:\/\/collectifcitoyen.org\/index.php?rest_route=\/wp\/v2\/posts\/3812\/revisions\/3866"}],"wp:attachment":[{"href":"https:\/\/collectifcitoyen.org\/index.php?rest_route=%2Fwp%2Fv2%2Fmedia&parent=3812"}],"wp:term":[{"taxonomy":"category","embeddable":true,"href":"https:\/\/collectifcitoyen.org\/index.php?rest_route=%2Fwp%2Fv2%2Fcategories&post=3812"},{"taxonomy":"post_tag","embeddable":true,"href":"https:\/\/collectifcitoyen.org\/index.php?rest_route=%2Fwp%2Fv2%2Ftags&post=3812"}],"curies":[{"name":"wp","href":"https:\/\/api.w.org\/{rel}","templated":true}]}}