{"id":3811,"date":"2025-10-28T18:59:04","date_gmt":"2025-10-28T17:59:04","guid":{"rendered":"https:\/\/collectifcitoyen.org\/?p=3811"},"modified":"2025-12-05T20:59:56","modified_gmt":"2025-12-05T19:59:56","slug":"vieillesse-heureuse","status":"publish","type":"post","link":"https:\/\/collectifcitoyen.org\/?p=3811","title":{"rendered":"Vieillesse heureuse"},"content":{"rendered":"\n<p class=\"has-vivid-red-color has-text-color has-link-color wp-elements-d9e780be3ef7f247fd8f78518f2e4f53\"><strong>VIEILLESSE HEUREUSE&nbsp;: LE TEMPS DES CHOIX<\/strong><\/p>\n\n\n\n<p><strong>OUPS&nbsp;! Il y a urgence&nbsp;! notre soci\u00e9t\u00e9 est vieillissante&nbsp;!<\/strong><\/p>\n\n\n\n<p class=\"has-vivid-red-color has-text-color has-link-color wp-elements-773de7aaea99e414953cca099379520b\"><strong>En 2030&nbsp;: 21 millions de personnes \u00e2g\u00e9es<\/strong><\/p>\n\n\n\n<p>Des choix de soci\u00e9t\u00e9 s\u2019imposent et il est temps de dessiner les contours de la vieillesse heureuse&nbsp;: d\u00e9j\u00e0 confront\u00e9s aux d\u00e9serts m\u00e9dicaux, les personnes \u00e2g\u00e9es n\u2019ont nulle envie de se trouver confront\u00e9s aux d\u00e9serts de structures adapt\u00e9es \u00e0 leur situation.<\/p>\n\n\n\n<p class=\"has-vivid-red-color has-text-color has-link-color wp-elements-ad732ab10cd2a5c067648452e1f482c6\"><strong>Mais qui dessine les contours de la vieillesse heureuse<\/strong><\/p>\n\n\n\n<p>Les questions qui se posent aujourd\u2019hui concernent le processus de d\u00e9cision, la d\u00e9finition des diff\u00e9rentes orientations, \u00e0 prendre pour anticiper sur les solutions \u00e0 venir en mati\u00e8re d\u2019accompagnement des personnes \u00e2g\u00e9es, notamment en mati\u00e8re de logements et de strat\u00e9gies d\u2019accompagnement.&nbsp;Une alternative aux maisons de retraites s\u2019impose avant qu&rsquo;elles ne deviennent la solution ultime, et les options qui se dessinent restent tr\u00e8s restreintes mais elles existent.<\/p>\n\n\n\n<p>Actuellement ce sont rarement les personnes concern\u00e9es qui structurent leurs projets de vie, ce sont les institutions, les \u00e9lus qui dessinent les contours de la vieillesse heureuse.<\/p>\n\n\n\n<p class=\"has-vivid-red-color has-text-color has-link-color wp-elements-04e23621c18f12f090ac4c463bc1e0a5\"><strong>Les subventions conditionnent les cr\u00e9ations<\/strong><\/p>\n\n\n\n<p>Avant tout, ce qui dessine l\u2019avenir des structures d\u2019accompagnement du vieillissement c\u2019est le fl\u00e9chage des subventions. Si elles sont fl\u00e9ch\u00e9es prioritairement sur les Maisons d\u2019Accueil qui r\u00e9pondent pourtant \u00e0 une tr\u00e8s faible demande (2% des habitants r\u00eavent de rejoindre ce type de structure) il y a peu de chance que des projets alternatifs voient le jour. D\u2019autant que ces maisons sont gloutonnes en subventions parce que tr\u00e8s co\u00fbteuses en r\u00e9alisation et en fonctionnement.<\/p>\n\n\n\n<p>3,3 millions d\u2019euros en moyenne pour 30 personnes accueillies et 6 postes d\u2019accompagnement<\/p>\n\n\n\n<p class=\"has-vivid-red-color has-text-color has-link-color wp-elements-5158e5636b103c59dc6524f3f55321cf\"><strong>Maisons d\u2019Accueil Rural pour Personnes Ag\u00e9es<\/strong><\/p>\n\n\n\n<p><strong>C\u2019est la solution qui est valid\u00e9e par les institutions<\/strong><\/p>\n\n\n\n<p>Les MARPA&nbsp;(<strong>Maisons d\u2019Accueil Rural pour Personnes Ag\u00e9es)<\/strong><strong>&nbsp;<\/strong>sont en construction dans de nombreux d\u00e9partements.<\/p>\n\n\n\n<p><strong>Le concept de maison d\u2019accueil qui consiste \u00e0 construire un immeuble accueillant des personnes de plus de 60 ans est devenu progressivement majoritaire.<\/strong><\/p>\n\n\n\n<p>C\u2019est l\u2019option pr\u00e9f\u00e9r\u00e9e de nombreux \u00e9lus.<\/p>\n\n\n\n<p>Des investisseurs voient dans ces projets, la nouvelle manne de l\u2019or gris, structures compl\u00e9mentaires des EHPAD dont l\u2019image s\u2019est effrit\u00e9e ces derni\u00e8res ann\u00e9es.<\/p>\n\n\n\n<p>M\u00eame s\u2019il est de bon ton d\u2019affirmer que ces projets sont collaboratifs, ils se construisent souvent sans les utilisateurs potentiels.<\/p>\n\n\n\n<p>C\u2019est une bonne r\u00e9ponse aux attentes d\u2019une petite partie de la population, mais ce sont des projets co\u00fbteux, difficiles \u00e0 mettre en oeuvre&nbsp;:&nbsp;<\/p>\n\n\n\n<ul>\n<li>MARPA&nbsp;: investissement moyen de 3,3 millions d\u2019\u20ac pour 30 logements<\/li>\n\n\n\n<li>Loyers de 1000 \u00e0 1700\u20ac par mois<\/li>\n\n\n\n<li>La&nbsp;MARPA&nbsp;accueille des&nbsp;personnes \u00e2g\u00e9es de plus de 60 ans, seules ou en couple, autonomes et valides&nbsp;(GIR 5 et 6).<\/li>\n\n\n\n<li>Les personnes b\u00e9n\u00e9ficient d\u2019activit\u00e9s, de vigilance en mati\u00e8re de soins, d\u2019un accompagnement pour organiser, coordonner un projet de vie et de sant\u00e9 qui reste \u00e0 leur charge.&nbsp;<\/li>\n\n\n\n<li>La Drome pr\u00e9voit de cr\u00e9er 100 \u00e0 140 places suppl\u00e9mentaires ce qui correspond \u00e0 la construction de 5 Maisons pour personnes \u00e2g\u00e9es d\u2019une trentaine de places et ne r\u00e9pondra pas aux besoins recens\u00e9s.&nbsp;<\/li>\n<\/ul>\n\n\n\n<p class=\"has-vivid-red-color has-text-color has-link-color wp-elements-51d4c1a7bb01548566e3d039e89251f0\"><strong>Pourtant il existe d\u2019autres options pour dessiner \u00ab&nbsp;la vieillesse heureuse&nbsp;\u00bb&nbsp;<\/strong><\/p>\n\n\n\n<p>De nombreuses personnes \u00e2g\u00e9es n\u2019ont nul d\u00e9sir se soumettent \u00e0 des choix institutionnels pour se loger, se soigner, vivre, et organiser leur vie citoyenne.&nbsp;<\/p>\n\n\n\n<p>Les personnes \u00e2g\u00e9es sont majeures et tout \u00e0 fait capables de trouver les r\u00e9ponses \u00e0 cette question&nbsp;du bien vieillir, tout \u00e0 fait capables de formuler des propositions sans attendre la phase de d\u00e9pendance.&nbsp;<\/p>\n\n\n\n<p class=\"has-text-align-center has-vivid-red-color has-text-color has-link-color wp-elements-385219cace0ab163fdc3d6b508f984f9\"><strong>Les maisons de vie partag\u00e9e, en petites unit\u00e9s<\/strong><\/p>\n\n\n\n<p>Leader (organisme de financement europ\u00e9en de la Dr\u00f4me) a apport\u00e9 son soutien \u00e0 ce type de lieu d\u00e9di\u00e9 \u00e0 la vieillesse.<\/p>\n\n\n\n<p class=\"has-vivid-red-color has-text-color has-link-color wp-elements-aa483d53215e90e088717e0f148f8eff\">6 \u00e0 8 personnes sont accueillies dans leur appartement qu\u2019elles louent et s&rsquo;organisent, comme bon leur semble, avec leur mobilier, leur souvenirs.<\/p>\n\n\n\n<p><strong>Elles sont autonomes<\/strong>\u00a0et accompagn\u00e9es\u00a0si besoin, par un(e) animatrice d\u00e9di\u00e9e \u00e0 plusieurs maisons capable d\u2019intervenir \u00e0 l\u2019\u00e9chelle du village gr\u00e2ce avec une coordination municipale.<br>L&rsquo;animatrice initie les actions bienveillantes, r\u00e9pond \u00e0 la demande des habitants avec une solidarit\u00e9 sous forme de \u00ab\u00a0<em>coup de pouce<\/em>\u00a0\u00bb entre voisins et aide les personnes en difficult\u00e9.<\/p>\n\n\n\n<ul>\n<li>Demandes en mati\u00e8re de soins&nbsp;: aide pour trouver les solutions aujourd\u2019hui tr\u00e8s complexes, orientation vers&nbsp;<strong>les structures locales<\/strong>, aides soignantes, infirmi\u00e8res, m\u00e9decins.<\/li>\n\n\n\n<li>Accompagnement vers des<strong> activit\u00e9s sociales ou culturelle locales<\/strong><\/li>\n\n\n\n<li><strong>Financement\u00a0:<\/strong>\u00a0les constructions sont pay\u00e9es par les loyers qui tiennent compte des revenus et sont organis\u00e9s, autant que faire se peut, par les soci\u00e9t\u00e9s HLM<\/li>\n\n\n\n<li>Gratuit\u00e9 pour les activit\u00e9s culturelles et sociales<\/li>\n\n\n\n<li>L\u2019animatrice reste \u00e0 la charge de la communaut\u00e9 (30 000 euros l\u2019an) et une cotisation annuelle est possible en tenant compte des revenus.<\/li>\n<\/ul>\n\n\n\n<p class=\"has-text-align-center has-vivid-red-color has-text-color has-link-color wp-elements-a4a176709ae496a16f95578680e32801\"><strong>Des logements \u00e0 partager<\/strong><\/p>\n\n\n\n<p>Les maisons devenues trop grandes au d\u00e9part des enfants s\u2019ouvrent \u00e0 d\u2019autres partenaires qui veulent lutter contre l\u2019isolement.<\/p>\n\n\n\n<p>La cohabitation interg\u00e9n\u00e9rationnelle solidaire est une r\u00e9ponse \u00e0 l&rsquo;isolement des personnes \u00e2g\u00e9es .<\/p>\n\n\n\n<p>La cohabitation interg\u00e9n\u00e9rationnelle solidaire est une solution d&rsquo;entraide o\u00f9 les seniors de plus de 60 ans peuvent louer ou sous-louer une partie de leur domicile<strong>&nbsp;<\/strong><\/p>\n\n\n\n<p>Cette solution repose sur un \u00e9change mutuel o\u00f9&nbsp;la personne&nbsp;occupante&nbsp;offre&nbsp;sa pr\u00e9sence bienveillante,&nbsp;des activit\u00e9s de partage, en contrepartie d&rsquo;un loyer modeste.<\/p>\n\n\n\n<p>Cette solution peut s\u2019adapter \u00e9galement \u00e0 l\u2019accueil de personnes \u00e2g\u00e9es comme aux plus jeunes(\u00e9tudiants).<\/p>\n\n\n\n<p class=\"has-luminous-vivid-orange-color has-text-color has-link-color wp-elements-bad5dde0f3593be7b2aead536e126d5a\"><strong>Financement&nbsp;:<\/strong><\/p>\n\n\n\n<p>Loyers + contribution \u00e0 l\u2019association qui g\u00e8re ce type d\u2019accueil et assure le suivi des personnes accueillies<\/p>\n\n\n\n<p>Les personnes \u00e2g\u00e9es peuvent b\u00e9n\u00e9ficier de l\u2019aide de l\u2019animatrice d\u00e9di\u00e9e au bien vieillir.&nbsp;Les personnes b\u00e9n\u00e9ficient d\u2019activit\u00e9s, de vigilance en mati\u00e8re de soins, d\u2019un accompagnement pour organiser, coordonner un projet de vie et de sant\u00e9 qui reste \u00e0 leur charge.<\/p>\n\n\n\n<p class=\"has-text-align-center has-vivid-red-color has-text-color has-link-color wp-elements-1bbace527ad080405d336435c0ace767\"><strong>Vieillir chez soi<\/strong><\/p>\n\n\n\n<p>Quand elles sont encore \u00e9loign\u00e9es du vieillissement, les personnes affirment \u00ab\u00a0<em>on veut vieillir chez nous\u00a0!\u00a0<\/em>\u00bb. La plupart pr\u00e9cisent leur propos en murmurant \u00ab\u00a0<em>mais pas tous seuls et bien accompagn\u00e9s<\/em>\u00a0\u00bb.<\/p>\n\n\n\n<p><strong>Par ces propos&nbsp;<\/strong>\u00ab&nbsp;<em>on veut vieillir chez nous&nbsp;!&nbsp;<\/em>\u00bb ces personnes \u00e2g\u00e9es&nbsp;red\u00e9finissent le concept&nbsp;vieillesse en privil\u00e9giant celui d\u2019une vieillesse en lien et en partage&nbsp;avec le voisinage.<\/p>\n\n\n\n<p><strong>Un<\/strong><strong>&nbsp;R\u00e9seau d\u2019Accompagnement Rural pour Personnes \u00e2g\u00e9es.&nbsp;<\/strong><\/p>\n\n\n\n<p>Ce r\u00e9seau est cr\u00e9\u00e9 par les habitants&nbsp;qui n\u2018habitent pas n\u00e9cessairement les uns au-dessus des autres mais les uns \u00e0 cot\u00e9 des autres et sont reli\u00e9s entre eux par un projet de vie partag\u00e9 solidaire.<\/p>\n\n\n\n<p>Ce r\u00e9seau se situe \u00e0 l\u2019\u00e9chelle d\u2019un quartier ou d\u2019un village<strong>&nbsp;<\/strong>parce qu\u2019il est fond\u00e9 sur la participation actives des habitants \u00e0 la construction de leur projet de vie&nbsp;: la taille du r\u00e9seau est une donn\u00e9e importante pour faciliter les \u00e9changes.&nbsp;<\/p>\n\n\n\n<p>Ce r\u00e9seau s\u2019exon\u00e8re d\u2019investissement immobilier&nbsp;<\/p>\n\n\n\n<p>Les habitants restent dans leur lieu de vie, y gardent une vie sociale et familiale<strong>.<\/strong><\/p>\n\n\n\n<p>Un ou une animatrice&nbsp;accompagne les habitant du secteur&nbsp;afin que&nbsp;les personnes b\u00e9n\u00e9ficient d\u2019activit\u00e9s, de vigilance en mati\u00e8re de soins, d\u2019un accompagnement pour organiser, coordonner un projet de vie et de sant\u00e9 qui reste \u00e0 leur charge<strong>.&nbsp;<\/strong><\/p>\n\n\n\n<p>Seules des adaptations de logements sont envisag\u00e9es, lesquelles b\u00e9n\u00e9ficient de subventions.<\/p>\n\n\n\n<p>Les personnes rep\u00e9r\u00e9es comme en difficult\u00e9 b\u00e9n\u00e9ficient d\u2019aides financi\u00e8res et de l\u2019accompagnement d\u00e9di\u00e9.<\/p>\n\n\n\n<p>Solidarit\u00e9 sous forme de \u00ab&nbsp;<em>coup de pouce<\/em>&nbsp;\u00bb entre voisins ou cr\u00e9ation d\u2019un groupe d\u2019aide aux personnes en difficult\u00e9 capable d\u2019intervenir \u00e0 l\u2019\u00e9chelle du village gr\u00e2ce \u00e0 une coordination municipale<\/p>\n\n\n\n<p class=\"has-text-align-center has-vivid-red-color has-text-color has-link-color wp-elements-76e81c674dc925a47f0b3e9fd4478875\"><strong>Pour toutes les formes d\u2019accompagnement de la vieillesse<\/strong><\/p>\n\n\n\n<ul>\n<li><strong>La cr\u00e9ation de postes d\u2019accompagnement&nbsp;pour organiser, coordonner un projet de vie et de sant\u00e9&nbsp;est indispensable (conciergerie d\u00e9di\u00e9e aux personnes \u00e2g\u00e9es)<br>Ces postes peuvent \u00eatre financ\u00e9s par la collectivit\u00e9&nbsp;et les utilisateurs sont appel\u00e9s \u00e0 participer en fonction de leurs moyens financiers<\/strong><\/li>\n\n\n\n<li><strong>Les animateurs&nbsp;<\/strong><strong>prennent en charge tous les habitants rep\u00e9r\u00e9s comme en situation de fragilit\u00e9&nbsp;<\/strong><strong>quel que soit le mode d\u2019accueil&nbsp;<\/strong><strong>(MARPA, maisons de vie en petites unit\u00e9s, logements \u00e0 partager , r\u00e9seau d\u2019accompagnement des personnes \u00e2g\u00e9es en milieu rural)&nbsp;. <\/strong><\/li>\n\n\n\n<li><strong>Qu\u2019ils soient en MARPA ou inscrits dans un r\u00e9seau d\u2019accompagnement, les personnes \u00e2g\u00e9es ont besoin des m\u00eames services et c\u2019est l\u00e0 une notion&nbsp;<\/strong><strong>d\u2019\u00e9quit\u00e9.<\/strong><\/li>\n\n\n\n<li><strong>Une aide \u00e0 l\u2018informatique est n\u00e9cessaire&nbsp;<\/strong><strong>pour tous (<\/strong><strong>r\u00f4le de&nbsp;<\/strong><strong>france active et le lien&nbsp;<\/strong><strong>26<\/strong><strong>)&nbsp;<\/strong><strong>notamment pour la mutuelle<\/strong><\/li>\n\n\n\n<li><strong>Mise \u00e0 disposition des personnes loin de l\u2019informatique (30&nbsp;% de la population) de documents d\u2019information&nbsp;papier : guide des structures de soins et des contact importants (animatrice, mairie\u2026)<\/strong><\/li>\n\n\n\n<li><strong>Faciliter les d\u00e9placements : transport accompagn\u00e9 par l&rsquo;animatrice en cas de perte du permis de conduire ou de difficult\u00e9s \u00e0 conduire ou transport \u00e0 la demande&nbsp;<\/strong><\/li>\n\n\n\n<li><strong>Assurer un suivi r\u00e9gulier des personnes en difficult\u00e9<\/strong><\/li>\n<\/ul>\n\n\n\n<p class=\"has-vivid-red-color has-text-color has-link-color wp-elements-3996e186d4f465b0c1e2129b562c806c\"><em><strong>Randonn\u00e9es sant\u00e9 &#8211; chants -r\u00e9flexions partag\u00e9es \u2013 partage de savoirs et de savoirs fa<\/strong>ire.<\/em> <strong><em>Soir\u00e9es conviviales et exploits culinaires \u00e0 partager, repas d\u2019\u00e9t\u00e9 chez l\u2019habitant,\u00a0repas des voisins,\u00a0tout ce qui fait lien social assure la p\u00e9rennit\u00e9 du projet et permet de lutter de mani\u00e8re efficace contre l\u2019isolement<\/em><\/strong><\/p>\n\n\n\n<ul>\n<li><\/li>\n<\/ul>\n\n\n\n<p>.<\/p>\n\n\n\n<p><\/p>\n","protected":false},"excerpt":{"rendered":"<p>VIEILLESSE HEUREUSE&nbsp;: LE TEMPS DES CHOIX OUPS&nbsp;! Il y a urgence&nbsp;! notre soci\u00e9t\u00e9 est vieillissante&nbsp;! En 2030&nbsp;: 21 millions de personnes \u00e2g\u00e9es Des choix de soci\u00e9t\u00e9 s\u2019imposent et il est temps de dessiner les contours de la vieillesse heureuse&nbsp;: d\u00e9j\u00e0 confront\u00e9s aux d\u00e9serts m\u00e9dicaux, les personnes \u00e2g\u00e9es n\u2019ont nulle envie de se trouver confront\u00e9s aux [&hellip;]<\/p>\n","protected":false},"author":1,"featured_media":0,"comment_status":"closed","ping_status":"closed","sticky":true,"template":"","format":"standard","meta":{"sfsi_plus_gutenberg_text_before_share":"","sfsi_plus_gutenberg_show_text_before_share":"","sfsi_plus_gutenberg_icon_type":"","sfsi_plus_gutenberg_icon_alignemt":"","sfsi_plus_gutenburg_max_per_row":"","footnotes":""},"categories":[35],"tags":[],"_links":{"self":[{"href":"https:\/\/collectifcitoyen.org\/index.php?rest_route=\/wp\/v2\/posts\/3811"}],"collection":[{"href":"https:\/\/collectifcitoyen.org\/index.php?rest_route=\/wp\/v2\/posts"}],"about":[{"href":"https:\/\/collectifcitoyen.org\/index.php?rest_route=\/wp\/v2\/types\/post"}],"author":[{"embeddable":true,"href":"https:\/\/collectifcitoyen.org\/index.php?rest_route=\/wp\/v2\/users\/1"}],"replies":[{"embeddable":true,"href":"https:\/\/collectifcitoyen.org\/index.php?rest_route=%2Fwp%2Fv2%2Fcomments&post=3811"}],"version-history":[{"count":5,"href":"https:\/\/collectifcitoyen.org\/index.php?rest_route=\/wp\/v2\/posts\/3811\/revisions"}],"predecessor-version":[{"id":3865,"href":"https:\/\/collectifcitoyen.org\/index.php?rest_route=\/wp\/v2\/posts\/3811\/revisions\/3865"}],"wp:attachment":[{"href":"https:\/\/collectifcitoyen.org\/index.php?rest_route=%2Fwp%2Fv2%2Fmedia&parent=3811"}],"wp:term":[{"taxonomy":"category","embeddable":true,"href":"https:\/\/collectifcitoyen.org\/index.php?rest_route=%2Fwp%2Fv2%2Fcategories&post=3811"},{"taxonomy":"post_tag","embeddable":true,"href":"https:\/\/collectifcitoyen.org\/index.php?rest_route=%2Fwp%2Fv2%2Ftags&post=3811"}],"curies":[{"name":"wp","href":"https:\/\/api.w.org\/{rel}","templated":true}]}}