{"id":3616,"date":"2024-11-26T14:12:40","date_gmt":"2024-11-26T13:12:40","guid":{"rendered":"http:\/\/collectifcitoyen.org\/?p=3616"},"modified":"2024-11-27T08:57:14","modified_gmt":"2024-11-27T07:57:14","slug":"territoire-zero-chomeur-la-galere","status":"publish","type":"post","link":"https:\/\/collectifcitoyen.org\/?p=3616","title":{"rendered":"Territoire z\u00e9ro ch\u00f4meur\u00a0: la gal\u00e8re"},"content":{"rendered":"\n<p class=\"has-vivid-red-color has-text-color has-link-color wp-elements-521c93f198420125bce146feed0a0e35\"><strong>Manifestation : 2 cars lundi 2 d\u00e9cembre 8h45 \u00e0  la gare, retour 13h30 <\/strong><\/p>\n\n\n\n<p>Pendant 4 ans la communaut\u00e9, l\u2019association interstice et ses partenaires \u00e9loign\u00e9s de l\u2019emploi se sont mobilis\u00e9s pour construire un magnifique projet qui permet d\u2019accompagner des personnes en grande difficult\u00e9 (\u00e0 cause de leur \u00e2ge, de leur situation familiale ou aidant\u2026) . Le but\u00a0: les sortir de la privation durable d\u2019emploi et de la boucle infernal du RSA.\u00a0<\/p>\n\n\n\n<p>Le d\u00e9partement qui soutenait ces initiatives prend aujourd\u2019hui pr\u00e9texte de la situation \u00e9conomique li\u00e9e au gouvernement Barnier pour remettre en cause ce projet.<\/p>\n\n\n\n<p>Il\u00a0\u00a0faut imposer le respect des engagements\u00a0!<\/p>\n\n\n\n<p class=\"has-text-align-center has-vivid-red-color has-text-color has-link-color wp-elements-e0d58e79543fd8f70d7109e37e16d46b\"><strong>Manifestation : 2 cars lundi 2 d\u00e9cembre 8h45 \u00e0  la gare, retour 13h30 <\/strong><\/p>\n\n\n\n<p class=\"has-vivid-red-color has-text-color has-link-color wp-elements-c9365267f914bd71ea50e5e539e3962b\"><\/p>\n\n\n\n<p><\/p>\n\n\n\n<p><\/p>\n","protected":false},"excerpt":{"rendered":"<p>Manifestation : 2 cars lundi 2 d\u00e9cembre 8h45 \u00e0 la gare, retour 13h30 Pendant 4 ans la communaut\u00e9, l\u2019association interstice et ses partenaires \u00e9loign\u00e9s de l\u2019emploi se sont mobilis\u00e9s pour construire un magnifique projet qui permet d\u2019accompagner des personnes en grande difficult\u00e9 (\u00e0 cause de leur \u00e2ge, de leur situation familiale ou aidant\u2026) . Le [&hellip;]<\/p>\n","protected":false},"author":1,"featured_media":0,"comment_status":"closed","ping_status":"closed","sticky":false,"template":"","format":"standard","meta":{"sfsi_plus_gutenberg_text_before_share":"","sfsi_plus_gutenberg_show_text_before_share":"","sfsi_plus_gutenberg_icon_type":"","sfsi_plus_gutenberg_icon_alignemt":"","sfsi_plus_gutenburg_max_per_row":"","footnotes":""},"categories":[1],"tags":[],"_links":{"self":[{"href":"https:\/\/collectifcitoyen.org\/index.php?rest_route=\/wp\/v2\/posts\/3616"}],"collection":[{"href":"https:\/\/collectifcitoyen.org\/index.php?rest_route=\/wp\/v2\/posts"}],"about":[{"href":"https:\/\/collectifcitoyen.org\/index.php?rest_route=\/wp\/v2\/types\/post"}],"author":[{"embeddable":true,"href":"https:\/\/collectifcitoyen.org\/index.php?rest_route=\/wp\/v2\/users\/1"}],"replies":[{"embeddable":true,"href":"https:\/\/collectifcitoyen.org\/index.php?rest_route=%2Fwp%2Fv2%2Fcomments&post=3616"}],"version-history":[{"count":3,"href":"https:\/\/collectifcitoyen.org\/index.php?rest_route=\/wp\/v2\/posts\/3616\/revisions"}],"predecessor-version":[{"id":3635,"href":"https:\/\/collectifcitoyen.org\/index.php?rest_route=\/wp\/v2\/posts\/3616\/revisions\/3635"}],"wp:attachment":[{"href":"https:\/\/collectifcitoyen.org\/index.php?rest_route=%2Fwp%2Fv2%2Fmedia&parent=3616"}],"wp:term":[{"taxonomy":"category","embeddable":true,"href":"https:\/\/collectifcitoyen.org\/index.php?rest_route=%2Fwp%2Fv2%2Fcategories&post=3616"},{"taxonomy":"post_tag","embeddable":true,"href":"https:\/\/collectifcitoyen.org\/index.php?rest_route=%2Fwp%2Fv2%2Ftags&post=3616"}],"curies":[{"name":"wp","href":"https:\/\/api.w.org\/{rel}","templated":true}]}}