{"id":3580,"date":"2024-09-21T15:40:25","date_gmt":"2024-09-21T14:40:25","guid":{"rendered":"http:\/\/collectifcitoyen.org\/?p=3580"},"modified":"2024-11-25T21:03:50","modified_gmt":"2024-11-25T20:03:50","slug":"la-medecine-a-dieulefit-galere","status":"publish","type":"post","link":"https:\/\/collectifcitoyen.org\/?p=3580","title":{"rendered":"La m\u00e9decine \u00e0 Dieulefit : gal\u00e8re !"},"content":{"rendered":"\n<p class=\"has-vivid-red-color has-text-color has-link-color wp-elements-6bf88bcc071b92ac7d52fd2c17976deb\">T\u00e9moignage d&rsquo;une habitante<\/p>\n\n\n\n<p>Je suis malade et normalement je dois voir un m\u00e9decin.<br><br>Alors comme je n&rsquo;ai pas de voiture et que j&rsquo;habite un village \u00e9loign\u00e9 je commence par t\u00e9l\u00e9phoner au cabinet m\u00e9dical. On me propose en \u00ab\u00a0cas d&rsquo;urgence\u00a0\u00bb le num\u00e9ro de t\u00e9l\u00e9phone des m\u00e9decins. <\/p>\n\n\n\n<p>Mais ce n&rsquo;est pas une urgence et je n&rsquo;ose pas d\u00e9placer un m\u00e9decin pour une fi\u00e8vre m\u00eame si elle m&rsquo;inqui\u00e8te.<\/p>\n\n\n\n<p>Alors je choisis de demander \u00e0 mon voisin de m&rsquo;accompagner pour m&rsquo;inscrire sur une liste de consultations possibles. On arrive et la liste est pleine. Il n&rsquo;y a pas de liste pour le lendemain . Tant pis, on reviendra.<\/p>\n\n\n\n<p> On revient vendredi apr\u00e8s-midi mais le cabinet est est ferm\u00e9, on tentera le coup samedi. <\/p>\n\n\n\n<p>Samedi matin, il y a deux m\u00e9decins mais pas de place. Alors je vais me soigner seule esp\u00e9rant que je ne passerai pas \u00e0 cot\u00e9 d&rsquo;une maladie grave ou que je contaminerai pas ma voisine&#8230;<\/p>\n\n\n\n<p class=\"has-pale-pink-color has-text-color has-link-color wp-elements-5a40c4d77fabc4d5fd9f67bf5b5432d6\">Doctolib bonjour la gal\u00e8re<\/p>\n\n\n\n<p>J&rsquo;ai besoin d&rsquo;un endocrinologue : je me remet aux bons soins de doctolib et je d\u00e9file : rendez-vous dans 3mois, dans 6mois, dans 7 mois. Bref rien dans mon d\u00e9partement<\/p>\n\n\n\n<p>Alors j&rsquo;opte pour Montpellier. M\u00eame gal\u00e8re mais un turnover important qui me permet de b\u00e9n\u00e9ficier d&rsquo;une d\u00e9fection pour lendemain : Youpi je fonce !<\/p>\n\n\n\n<p>Et ma voisine qui n&rsquo;a pas de voiture attendra les 3 mois esp\u00e9rant que sa maladie n&rsquo;est pas un cancer : il sera d\u00e9j\u00e0 bien avanc\u00e9 dans 3 mois.<\/p>\n\n\n\n<p class=\"has-vivid-red-color has-text-color has-link-color wp-elements-bec71dae85f7088fbb272036f04ee600\">T\u00e9moignage. Cherche m\u00e9decin d\u00e9sesp\u00e9r\u00e9ment<\/p>\n\n\n\n<p>J&rsquo;anticipe  et je cherche d\u00e8s \u00e0 pr\u00e9sent un m\u00e9decin de proximit\u00e9 <\/p>\n\n\n\n<p class=\"has-vivid-red-color has-text-color has-link-color wp-elements-07c2ea6e325cf564d4213dd36e12be48\">Cl\u00e9on : 9 m\u00e9decins super <\/p>\n\n\n\n<p>Je t\u00e9l\u00e9phone et la secr\u00e9taire me demande son adresse : Dieulefit <\/p>\n\n\n\n<p><em>\u00ab\u00a0d\u00e9sol\u00e9e monsieur, les m\u00e9decins ne prennent pas les habitants de dieulefit\u00a0\u00bb<\/em><\/p>\n\n\n\n<p class=\"has-vivid-red-color has-text-color has-link-color wp-elements-2e3d80d89fe10a99eef96aba9f583ddc\">Alors je tente Bourdeaux : 5 m\u00e9decins<\/p>\n\n\n\n<p>Premier rendez-vouse 30 octobre et on est le 1 octobre<\/p>\n\n\n\n<p>La secr\u00e9taire me propose de tenter un rendez-vous \u00e0 dieulefit puis le 30 octobre.A cette date,  elle nous inscrira aupr\u00e8s de ce m\u00e9decin comme m\u00e9decin r\u00e9f\u00e9rent.<\/p>\n\n\n\n<p class=\"has-luminous-vivid-orange-color has-text-color has-link-color wp-elements-5753fde0c2b2d6d6028a00d92b613528\">Montboucher : 5 m\u00e9decins <\/p>\n\n\n\n<p><em>\u00ab\u00a0Pas disponible pour les nouveaux patients\u00a0\u00bb<\/em><\/p>\n\n\n\n<p>Gacon dieulefit le 16 octobre<\/p>\n\n\n\n<p>Allan : disponibilit\u00e9 le 12 novembre<\/p>\n\n\n\n<p>Sederon : le 10 octobre<\/p>\n\n\n\n<p>Malataverne : 19 nov<\/p>\n\n\n\n<p>Bref ne soyez surtout pas malades dans notre beau pays ! A dieulefit ???????<\/p>\n","protected":false},"excerpt":{"rendered":"<p>T\u00e9moignage d&rsquo;une habitante Je suis malade et normalement je dois voir un m\u00e9decin. Alors comme je n&rsquo;ai pas de voiture et que j&rsquo;habite un village \u00e9loign\u00e9 je commence par t\u00e9l\u00e9phoner au cabinet m\u00e9dical. On me propose en \u00ab\u00a0cas d&rsquo;urgence\u00a0\u00bb le num\u00e9ro de t\u00e9l\u00e9phone des m\u00e9decins. Mais ce n&rsquo;est pas une urgence et je n&rsquo;ose pas [&hellip;]<\/p>\n","protected":false},"author":1,"featured_media":0,"comment_status":"closed","ping_status":"closed","sticky":false,"template":"","format":"standard","meta":{"sfsi_plus_gutenberg_text_before_share":"","sfsi_plus_gutenberg_show_text_before_share":"","sfsi_plus_gutenberg_icon_type":"","sfsi_plus_gutenberg_icon_alignemt":"","sfsi_plus_gutenburg_max_per_row":"","footnotes":""},"categories":[1],"tags":[],"_links":{"self":[{"href":"https:\/\/collectifcitoyen.org\/index.php?rest_route=\/wp\/v2\/posts\/3580"}],"collection":[{"href":"https:\/\/collectifcitoyen.org\/index.php?rest_route=\/wp\/v2\/posts"}],"about":[{"href":"https:\/\/collectifcitoyen.org\/index.php?rest_route=\/wp\/v2\/types\/post"}],"author":[{"embeddable":true,"href":"https:\/\/collectifcitoyen.org\/index.php?rest_route=\/wp\/v2\/users\/1"}],"replies":[{"embeddable":true,"href":"https:\/\/collectifcitoyen.org\/index.php?rest_route=%2Fwp%2Fv2%2Fcomments&post=3580"}],"version-history":[{"count":5,"href":"https:\/\/collectifcitoyen.org\/index.php?rest_route=\/wp\/v2\/posts\/3580\/revisions"}],"predecessor-version":[{"id":3612,"href":"https:\/\/collectifcitoyen.org\/index.php?rest_route=\/wp\/v2\/posts\/3580\/revisions\/3612"}],"wp:attachment":[{"href":"https:\/\/collectifcitoyen.org\/index.php?rest_route=%2Fwp%2Fv2%2Fmedia&parent=3580"}],"wp:term":[{"taxonomy":"category","embeddable":true,"href":"https:\/\/collectifcitoyen.org\/index.php?rest_route=%2Fwp%2Fv2%2Fcategories&post=3580"},{"taxonomy":"post_tag","embeddable":true,"href":"https:\/\/collectifcitoyen.org\/index.php?rest_route=%2Fwp%2Fv2%2Ftags&post=3580"}],"curies":[{"name":"wp","href":"https:\/\/api.w.org\/{rel}","templated":true}]}}