{"id":3235,"date":"2023-11-28T13:50:04","date_gmt":"2023-11-28T12:50:04","guid":{"rendered":"http:\/\/collectifcitoyen.org\/?p=3235"},"modified":"2023-11-30T08:25:54","modified_gmt":"2023-11-30T07:25:54","slug":"vivre-et-vieillir-a-domicile","status":"publish","type":"post","link":"https:\/\/collectifcitoyen.org\/?p=3235","title":{"rendered":"Vivre et vieillir \u00e0 domicile"},"content":{"rendered":"\n<p><strong>Le p\u2019tit journal du Collectif Citoyen du Pays de Dieulefit<\/strong><\/p>\n\n\n\n<p class=\"has-vivid-red-color has-text-color\"><strong>Vivre et vieillir \u00e0 domicile&nbsp;: d\u00e9cret du 13 juillet 2023&nbsp;<\/strong><\/p>\n\n\n\n<p>Nous sommes nombreux \u00e0 r\u00eaver de cette option&nbsp;: rester chez soi le plus longtemps possible&nbsp;! Le gouvernement a publi\u00e9 ses orientations pour les ann\u00e9es \u00e0 venir, regroupant tous les services existants sous le signe SAD&nbsp;:&nbsp;<strong>service d\u2019autonomie \u00e0 domicile<\/strong>. Ils peuvent devenir&nbsp;<strong>centre de ressource territorial<\/strong><\/p>\n\n\n\n<p><em>\u00ab&nbsp;Il concourt \u00e0 l\u2019objectif de&nbsp;<\/em><em>soutien \u00e0 domicile&nbsp;<\/em><em>et \u00e0 la&nbsp;<\/em><em>pr\u00e9servation de l\u2019autonomie&nbsp;<\/em><em>de la personne accompagn\u00e9e. Il lui permet d\u2019y vivre dignement tout en lui garantissant, dans le cadre de ses missions, des&nbsp;<\/em><em>conditions de s\u00e9curit\u00e9\u0301 et de qualit\u00e9\u0301 de la r\u00e9ponse apport\u00e9e&nbsp;<\/em><em>\u00e0 ses besoins et \u00e0 ses attentes.&nbsp;\u00bb<\/em><em><\/em><\/p>\n\n\n\n<p class=\"has-vivid-red-color has-text-color\"><strong>D\u00e9finition des publics des services autonomie \u00e0 domicile :<\/strong><\/p>\n\n\n\n<p class=\"has-black-color has-text-color\"><br>1\u00b0 De personnes \u00e2g\u00e9es de 60 ans et plus en perte d\u2019autonomie ou malades ;<br>2\u00b0 De personnes pr\u00e9sentant un handicap sans crit\u00e8re d\u2019\u00e2ge<br>3\u00b0 De personnes de moins de soixante ans, atteintes des pathologies chroniques ou les personnes pr\u00e9sentant une affection<\/p>\n\n\n\n<p><em>\u00ab&nbsp;Le principe de&nbsp;<\/em><em>la libert\u00e9\u0301 de choix du service&nbsp;<\/em><em>autonomie \u00e0 domicile pour les personnes est rappel\u00e9\u0301.&nbsp;\u00bb&nbsp;<\/em><em><\/em><\/p>\n\n\n\n<p class=\"has-vivid-red-color has-text-color\"><strong>Pr\u00e9vention&nbsp;:<\/strong><\/p>\n\n\n\n<p><strong>&nbsp;<\/strong>La pr\u00e9vention est au centre du projet et de nouvelles professions ont appel\u00e9es \u00e0 intervenir&nbsp;: le d\u00e9partement, le territoire accordent une large place \u00e0 l\u2019id\u00e9e de prendre soin de soi, au quotidien. Activit\u00e9s physiques et intellectuelles, alimentation de qualit\u00e9, lien social, telles sont les recettes de la pr\u00e9vention.<\/p>\n\n\n\n<p><em>\u00ab&nbsp;Le Service d\u2019autonomie \u00e0 domicile rep\u00e8re les risques d\u2019aggravation de la perte d\u2019autonomie : risques de chute, d\u00e9nutrition&#8230; il propose une r\u00e9ponse adapt\u00e9e aux fragilit\u00e9s en interne ou&nbsp;<strong>avec des partenaires ext\u00e9rieurs \u00e0<\/strong>&nbsp;participer au maintien et au d\u00e9veloppement du lien social de la personne accompagn\u00e9e.<\/em>&nbsp;\u00bb&nbsp;<\/p>\n\n\n\n<p class=\"has-vivid-red-color has-text-color\"><strong>Le d\u00e9partement met en place des actions&nbsp;:<\/strong><\/p>\n\n\n\n<p><strong>&nbsp;<\/strong>Sport sur ordonnance&nbsp;pour les personnes atteintes de maladies chroniques (comit\u00e9 d\u2019\u00e9ducation physique),&nbsp;D-marche&nbsp;pour augmenter son nombre de pas au quotidien( ADAL \u00e0 la d\u00e9couverte de l\u2019\u00e2ge libre)<strong>,&nbsp;<\/strong>Mobil sport&nbsp;avec un camion qui se d\u00e9place et vous accompagne en milieu rural,&nbsp;camion cuisine&nbsp;qui vient proposer des ateliers d\u00e9di\u00e9s aux s\u00e9niors en pr\u00e9carit\u00e9<\/p>\n\n\n\n<p class=\"has-vivid-red-color has-text-color\"><strong>Sur le territoire<\/strong>,<\/p>\n\n\n\n<p> C\u2019est le groupe de r\u00e9flexion des s\u00e9niors qui, dans une d\u00e9marche collective et collaborative a propos\u00e9 des actions sportives, culturelles et interg\u00e9n\u00e9rationnelles.<\/p>\n\n\n\n<p>Vous trouverez la liste de ces actions sur notre site internet&nbsp;<a href=\"http:\/\/collectifcitoyen.org\/?p=3225\" target=\"_blank\" rel=\"noreferrer noopener\">http:\/\/collectifcitoyen.org\/?p=3225<\/a><\/p>\n\n\n\n<p>Toutes ces actions donnent lieu \u00e0 des cr\u00e9ations d\u2019emploi ce qui est une bonne chose dans le contexte actuel. Surtout les services d\u2019aide \u00e0 domicile&nbsp;<strong>sont autoris\u00e9s \u00e0 en cr\u00e9er.<\/strong><\/p>\n\n\n\n<p class=\"has-vivid-red-color has-text-color\"><strong>Pr\u00e9vention et logement&nbsp;:<\/strong>&nbsp;<\/p>\n\n\n\n<p>une mani\u00e8re de se pr\u00e9munir de la d\u00e9pendance est de rendre son logement confortable et adapt\u00e9 au vieillissement&nbsp;: en Drome le d\u00e9partement vous accompagne avec l\u2018association SOLIHA sp\u00e9cialis\u00e9e dans l\u2019am\u00e9lioration de l\u2019habitat. Contact 04 75 79 04 01<\/p>\n\n\n\n<p class=\"has-vivid-red-color has-text-color\"><strong>Mais quand tout va bien, l\u2019\u00e2ge avan\u00e7ant les probl\u00e8mes pointent leur nez et nous alertent&nbsp;<\/strong><\/p>\n\n\n\n<p>D\u00e9celer la personne qui se retrouve en difficult\u00e9 est d\u00e9j\u00e0 un probl\u00e8me \u00e0 r\u00e9soudre. Cela d\u00e9pend essentiellement de la qualit\u00e9 relationnelle et de l\u2019entourage. Si cette personne est encore active, participe aux activit\u00e9s, est dans un r\u00e9seau relationnel fort, il n\u2019y aura aucune difficult\u00e9 \u00e0 percevoir une fragilit\u00e9 et lui venir en aide.&nbsp;<\/p>\n\n\n\n<p>A l\u2019inverse une personne isol\u00e9e sera contrainte le plus souvent \u00e0 trouver seule une solution.<\/p>\n\n\n\n<p><em>\u00ab&nbsp;L\u2019article 2&nbsp;<\/em><em>du d\u00e9cret pr\u00e9cise que les services autonomie \u00e0 domicile&nbsp;<\/em><em>\u00ab contribuent au rep\u00e9rage des fragilit\u00e9s de la personne accompagn\u00e9e \u00bb,&nbsp;<\/em><em>notamment lorsqu\u2019ils interviennent&nbsp;<strong>au titre du nouveau temps (2h) consacr\u00e9 au lien social (\u00e0 partir du 1er&nbsp;janvier 2024)<\/strong><\/em><strong>&nbsp;\u00bb. C\u2019est une donn\u00e9e essentielle du projet d\u2019autonomie \u00e0 domicile&nbsp;dont nous esp\u00e9rons la mise en place sur notre canton !<\/strong><strong><\/strong><\/p>\n\n\n\n<p class=\"has-vivid-red-color has-text-color\"><strong>La premi\u00e8re difficult\u00e9 est de savoir ou frapper pour obtenir les aides indispensables<\/strong><\/p>\n\n\n\n<p><strong>Le CCAS<\/strong><\/p>\n\n\n\n<p>Cr\u00e9e en 1953, ils sont charg\u00e9s de l\u2018aide sociale des communes.&nbsp;Les centres communaux d\u2019action sociale (CCAS) sont&nbsp;<strong>des \u00e9tablissements publics<\/strong>&nbsp;dont le r\u00f4le principal est&nbsp;<strong>d\u2019orienter, recevoir et conseiller<\/strong>&nbsp;le public sur les d\u00e9marches \u00e0 effectuer dans le domaine&nbsp;<strong>social<\/strong>.<\/p>\n\n\n\n<p>Pr\u00e9sid\u00e9 par le maire de la commune, le CCAS travaille en \u00e9quipe avec des partenaires issus des acteurs du vieillissement. Ils peuvent orienter les personnes en difficult\u00e9 vers le mode de soutien qui correspond aux difficult\u00e9s rep\u00e9r\u00e9es. Ils vous conseillent sur&nbsp;L&rsquo;<a href=\"https:\/\/www.ouihelp.fr\/conseils\/aides-et-droits\/apa\/\"><strong>APA<\/strong><\/a>&nbsp;qui&nbsp;permet de rester \u00e0 domicile en b\u00e9n\u00e9ficiant de l\u2019aide d\u2019un proche aidant ou d\u2019un professionnel de l\u2019aide \u00e0 domicile. Tout le monde y a droit, apr\u00e8s une visite afin d\u2019\u00e9valuer les ressources de la personne accompagn\u00e9e et son \u00e9tat de sant\u00e9. L&rsquo;<strong>ASH<\/strong>&nbsp;aide \u00e0 financer l\u2019h\u00e9bergement de la personne \u00e2g\u00e9e dans&nbsp;<a href=\"http:\/\/www.pour-les-personnes-agees.gouv.fr\/beneficier-daides\/laide-sociale-lhebergement-ash#pour-un-h-bergement-en-tablissement\">un \u00e9tablissement d\u00e9di\u00e9<\/a>. Ils vous orientent vers les partenaires du bien vieillir et vous aident dans la r\u00e9daction de formulaires, et peuvent aussi vous apporter quelques aides financi\u00e8res en cas de graves difficult\u00e9s.&nbsp;<\/p>\n\n\n\n<p>Contacts 04 75 46 96 95<\/p>\n\n\n\n<p class=\"has-vivid-red-color has-text-color\"><strong>La nouvelle circulaire pr\u00e9cise les prestations d\u2019aide et d\u2019accompagnement, les prestations de soins et les prestations d\u2019\u00e9tablissement sans soins.<\/strong><br><br><strong>Un principe pour une efficacit\u00e9&nbsp;maximale : la coordination<\/strong><\/p>\n\n\n\n<p>C\u2019est une demande forte des associations. A Dieulefit l\u2019association familiale poss\u00e8de d\u00e9j\u00e0 deux postes de coordination et&nbsp;<strong>l\u2019extension \u00e0 tous les services d\u2019autonomie \u00e0 domicile est une bonne chose.<\/strong>&nbsp;L\u2019aide et le soin sont \u00e0 penser globalement. Lorsque le service propose des prestations d\u2019aide et de soin, le gestionnaire met en place les conditions d\u2019un fonctionnement int\u00e9gr\u00e9\u0301. Celui-ci vise \u00e0 un accompagnement global qui repose sur la coordination des activit\u00e9s d\u2019aide et de soins et sur la mise en place d\u2019outils communs.&nbsp;<\/p>\n\n\n\n<p>Lorsque le service propose uniquement des prestations d\u2019aide, le gestionnaire s\u2019assure de la bonne articulation des interventions avec les partenaires ext\u00e9rieurs.<br><em>\u00ab&nbsp;Le fonctionnement int\u00e9gr\u00e9\u0301 de ces deux activit\u00e9s et&nbsp;<strong>la d\u00e9signation d\u2019une personne charg\u00e9e de la coordination<\/strong>&nbsp;des prestations d\u2019aide et de soins, afin de garantir la coh\u00e9rence des interventions&#8230;&nbsp;<strong>Le responsable de la coordination : personne, d\u00e9sign\u00e9e par le responsable du service, pour assurer la coordination des activit\u00e9s d\u2019aide et de soins, peut \u00eatre un ou plusieurs encadrants s\u00e9par\u00e9ment ou en bin\u00f4me, ou par une tierce personne, r\u00f4le d\u2019interlocuteur privil\u00e9gi\u00e9\u0301 aupr\u00e8s de la personne accompagn\u00e9e.&nbsp;\u00bb&nbsp;<\/strong><\/em><strong><\/strong><\/p>\n\n\n\n<p class=\"has-vivid-red-color has-text-color\"><strong>Bien accueillir&nbsp;: une notion importante<\/strong><\/p>\n\n\n\n<p><strong>Le r\u00f4le du coordinateur<\/strong>&nbsp;est d\u2019abord d\u2019analyser les besoins de la personne accompagn\u00e9e. Lors d\u2019une demande de prestation, une\u00e9valuation globale au domicile par le coordinateur est organis\u00e9e, en pr\u00e9sence des personnes de son choix ou du repr\u00e9sentant l\u00e9gal ou de la personne charg\u00e9e de la mesure de protection. Il est tenu compte des plans d&rsquo;aide ou de compensation d\u00e9j\u00e0\u0300 \u00e9labor\u00e9s (APA, prestations handicap) ou d\u00e9finis \u00e0 la demande des financeurs (CD, caisse de retraite, assurances, mutuelles, etc.)&nbsp;<\/p>\n\n\n\n<p class=\"has-vivid-red-color has-text-color\"><strong>Pour une demande de soin<\/strong>&nbsp;: L\u2019\u00e9valuation est r\u00e9alis\u00e9e sur la base de la prescription m\u00e9dicale<\/p>\n\n\n\n<p class=\"has-vivid-red-color has-text-color\"><strong>L\u2019information et le consentement de la personne&nbsp;:&nbsp;<\/strong><\/p>\n\n\n\n<p><strong><em>\u00ab&nbsp;<\/em><\/strong><em>Lors de son accueil, pr\u00e9sentation et remise du livret d\u2019accueil, charte des droits et libert\u00e9s de la personne accueillie et r\u00e8glement de fonctionnement du service. La personne accompagn\u00e9e est encourag\u00e9e \u00e0 designer une personne de confiance afin de l\u2019assister et de l\u2019accompagner dans son parcours.&nbsp;Le projet d\u2019accompagnement personnalis\u00e9&nbsp;est co-construit par la personne accompagn\u00e9e, avec l\u2019appui des aidants ou de la personne de confiance, et de son interlocuteur privil\u00e9gi\u00e9\u0301 au sein du service, en associant l\u2019\u00e9quipe pluri-professionnelle du SAD. La personne accompagn\u00e9e est inform\u00e9e de l&rsquo;identit\u00e9\u0301 des intervenants, qui sont en nombre limit\u00e9.<\/em>&nbsp;\u00bb<\/p>\n\n\n\n<ul><li>Remise du livret d\u2019accueil,&nbsp;<\/li><li>Charte des droits et libert\u00e9s de la personne accueillie&nbsp;<\/li><li>R\u00e8glement de fonctionnement du service.&nbsp;<\/li><li>La personne accompagn\u00e9e est encourag\u00e9e \u00e0 designer une personne de confiance afin de l\u2019assister et de l\u2019accompagner dans son parcours.&nbsp;<\/li><li>Il est remis un livret d\u2019accueil unique (pour l\u2019aide et le soins)&nbsp;<\/li><\/ul>\n\n\n\n<p class=\"has-vivid-red-color has-text-color\"><strong>Le suivi des interventions&nbsp;<\/strong><\/p>\n\n\n\n<p>Le responsable du service d\u2019autonomie \u00e0 domicile met en place un dispositif de suivi individualis\u00e9 des interventions en accord avec la personne accompagn\u00e9e. Il tient \u00e0 jour l&rsquo;historique des interventions, possible recours \u00e0 un logiciel de t\u00e9l\u00e9gestion.<\/p>\n\n\n\n<p class=\"has-vivid-red-color has-text-color\"><strong>Les acteurs du soin<\/strong><\/p>\n\n\n\n<p><strong>Le coordinateur est une personne essentielle du projet et les objectifs sont pr\u00e9cis\u00e9s par la circulaire du 13 Juillet 2023<\/strong><\/p>\n\n\n\n<p><strong>La coordination permet :<\/strong><\/p>\n\n\n\n<ul><li>Une \u00e9valuation globale des besoins d\u2019aide et de soins et attentes de la PA ;&nbsp;<\/li><li>Le rep\u00e9rage des situations \u00e0 risque de perte d\u2019autonomie ;&nbsp;<\/li><li>Une r\u00e9ponse rapide, coh\u00e9rente et globale aux besoins en aide et en soins de la personne ;&nbsp;<\/li><li>Un interlocuteur privil\u00e9gi\u00e9\u0301 pour les prestations d\u2019aide et de soins&nbsp;<\/li><li>La compl\u00e9mentarit\u00e9\u0301 des interventions&nbsp;&nbsp;<\/li><li>Un suivi pluridisciplinaire tout au long de son accompagnement&nbsp;<\/li><li>Le d\u00e9veloppement d\u2019une culture commune entre les professionnels de l\u2019aide et du soin ;&nbsp;<\/li><li>D\u2019organiser la continuit\u00e9\u0301 et la fluidit\u00e9\u0301 des parcours.&nbsp;<\/li><\/ul>\n\n\n\n<ul><li>L\u2019organisation des r\u00e9unions de coordination ou autres temps d\u2019\u00e9change ;&nbsp;<\/li><li>Les formations \/ actions pour l\u2019acculturation des \u00e9quipes et la d\u00e9finition d\u2019objectifs communs&nbsp;<\/li><li>Les outils permettant le partage des informations n\u00e9cessaires au suivi m\u00e9dico-social de la personne accompagn\u00e9e&nbsp;<\/li><li>Le service b\u00e9n\u00e9ficie de la dotation de coordination pour le fonctionnement int\u00e9gr\u00e9\u0301 du service : interventions pluridisciplinaires ou en bin\u00f4me, r\u00e9unions d\u2019\u00e9quipe, syst\u00e8mes d\u2019informations, fonction de responsable de la coordination &#8230;&nbsp;<\/li><\/ul>\n\n\n\n<p><strong>&nbsp;Le ou les professionnels responsables de la coordination au sein du service et leurs missions ;&nbsp;<\/strong><strong><\/strong><\/p>\n\n\n\n<p><strong>Les fonctions du responsable de la coordination&nbsp;<\/strong><\/p>\n\n\n\n<p>Le responsable du service d\u00e9signe un ou plusieurs responsables de la coordination de l\u2019aide et du soin charg\u00e9 du suivi de la r\u00e9alisation des prestations. Il organise les interventions en bin\u00f4me lorsqu\u2019elles sont n\u00e9cessaires, veille \u00e0 la r\u00e9alisation des interventions d\u2019aide ou de soins de mani\u00e8re compl\u00e9mentaire.&nbsp;<\/p>\n\n\n\n<p><strong>Il exerce le r\u00f4le d\u2019interlocuteur privil\u00e9gi\u00e9\u0301 pour la personne accompagn\u00e9e<\/strong>, fait l\u2019interface avec les intervenants. Cette fonction peut \u00eatre assur\u00e9e par un intervenant sous la responsabilit\u00e9\u0301 du responsable de la coordination.&nbsp;<\/p>\n\n\n\n<p class=\"has-vivid-red-color has-text-color\"><strong>Les professionnels&nbsp;<\/strong><\/p>\n\n\n\n<ul><li><strong>Les infirmiers<\/strong>&nbsp;: ils assurent la liaison avec les autres auxiliaires m\u00e9dicaux. Ils sont, dans la mesure du possible, salari\u00e9s par le gestionnaire ;&nbsp;<\/li><li><strong>Les aides de soin<\/strong>&nbsp;qui r\u00e9alisent les soins de base et relationnels et concourent \u00e0 l&rsquo;accomplissement des actes essentiels de la vie correspondant \u00e0 leur qualification<\/li><li><strong>Les professionnels de sant\u00e9<\/strong>&nbsp;: si besoin des p\u00e9dicures -podologues, des ergoth\u00e9rapeutes, des psychologues, des masseurs- kin\u00e9sith\u00e9rapeutes, des di\u00e9t\u00e9ticiens, des orthophonistes et des psychomotriciens.&nbsp;<\/li><\/ul>\n\n\n\n<p class=\"has-vivid-red-color has-text-color\"><strong>Les outils de la coordination&nbsp;<\/strong><\/p>\n\n\n\n<p>Un logiciel (dossier usager informatis\u00e9) pour g\u00e9rer les activit\u00e9s d\u2019aide et de soins, g\u00e9rer les donn\u00e9es utiles \u00e0 l\u2019information, \u00e0 l\u2019organisation du travail et \u00e0 la coordination des intervenants.<br>Une grille d\u2019\u00e9valuation globale, commune pour les besoins d\u2019aide et de soins&nbsp;<br>Un outil de liaison unique pour les interventions r\u00e9alis\u00e9es au domicile de la personne accompagn\u00e9e.<br>Des locaux&nbsp;permettant aux services de se r\u00e9unir pour organiser&nbsp;la coordination des prestations.&nbsp;<\/p>\n\n\n\n<p class=\"has-vivid-red-color has-text-color\"><strong>L\u2019organisation de la r\u00e9ponse aux besoins de soins par un service ne proposant pas de prestations de soins&nbsp;<\/strong><\/p>\n\n\n\n<p>Lorsque le service ne dispense pas lui-m\u00eame de prestations de soins \u00e0 domicile, le gestionnaire met \u00e0 minima en relation avec un service autonomie \u00e0 domicile dispensant des soins, avec un centre de sant\u00e9 infirmiers ou avec un infirmier lib\u00e9ral. Le libre choix du patient est respect\u00e9\u0301.<br>Le gestionnaire peut conclure une convention avec un ou plusieurs professionnels susceptibles de r\u00e9pondre aux besoins de soins.&nbsp;<\/p>\n\n\n\n<p class=\"has-vivid-red-color has-text-color\"><strong>L\u2019accueil du public<\/strong><\/p>\n\n\n\n<p>L\u2019accueil physique&nbsp;:&nbsp;nomm\u00e9 \u00e9galement accueil de jour, il est pr\u00e9vu&nbsp;dans des locaux d\u00e9dies et adapt\u00e9s \u00e0 l&rsquo;accueil du public :&nbsp;<strong>accueil physique de 2 demi-journ\u00e9es \/ semaine au minimum,<\/strong>&nbsp;\u00e0 jours et heure fixes. C\u2019est une demande forte des associations, \u00e0 relier \u00e0 notre demande de covoiturage et de v\u00e9hicules mis au service des associations (pour des courses, visite au m\u00e9decin ou encore accueil et lien social)<\/p>\n\n\n\n<p>L\u2019accueil d\u00e9mat\u00e9rialis\u00e9\u0301<br>&#8211; accueil t\u00e9l\u00e9phonique, assur\u00e9 au mini 5 j\/7, sur une plage horaire de 7 h\/j&nbsp;<br>&#8211; messagerie \u00e9lectronique sp\u00e9cifique au SAD&nbsp;<br>&#8211; site internet&nbsp;:<strong><\/strong><\/p>\n\n\n\n<p class=\"has-vivid-red-color has-text-color\"><strong>Les services d\u2019autonomie \u00e0 domicile sur le territoire&nbsp;:<\/strong><\/p>\n\n\n\n<p>L\u2019association familiale&nbsp;: all\u00e9e des Rossignols 04 75 47 37 80<\/p>\n\n\n\n<p>L\u2019arbre vert 16 rue du Bourg 04 75 51 73 64<\/p>\n\n\n\n<p>ADMR Bourdeaux&nbsp;: 04 75 53 37 60<\/p>\n\n\n\n<p>ADMR la B\u00e9gude de Mazenc 06 62 75 06 44<\/p>\n\n\n\n<p>Service d\u2019aide \u00e0 domicile&nbsp;: Pont de Barret&nbsp;?????????<\/p>\n\n\n\n<p>ADMR Cl\u00e9on d\u2019Andran&nbsp;: 04 75 90 44 25&nbsp;<\/p>\n\n\n\n<p class=\"has-vivid-red-color has-text-color\"><strong>Le soutien aux aidants&nbsp;<\/strong><\/p>\n\n\n\n<p>Le soutien des aidants consiste \u00e0 valoriser leurs savoir-faire, rep\u00e9rer leurs fragilit\u00e9s et leurs difficult\u00e9s, les informer et les orienter le cas \u00e9ch\u00e9ant. Ce soutien est d\u00e9crit dans le projet de service.<br>Le service peut proposer des actions de sensibilisation, d\u2019information ou de soutien psychologique ou orienter les aidants vers d\u2019autres acteurs du territoire.&nbsp;<\/p>\n\n\n\n<p>Ce soutien existe sur notre territoire&nbsp;<\/p>\n\n\n\n<p class=\"has-vivid-red-color has-text-color\"><strong>Les partenariats ext\u00e9rieurs<\/strong><\/p>\n\n\n\n<p><strong>Les interventions du service s\u2019inscrivent dans une offre territoriale globale.<\/strong><\/p>\n\n\n\n<ul><li>Articulation avec les \u00e9quipes des \u00e9tablissements de sant\u00e9<strong><\/strong><\/li><li>Suivi de l\u2019offre de soins primaires ambulatoires, notamment le m\u00e9decin traitant<\/li><li>Lien avec les autres \u00e9tablissement sociaux et m\u00e9dicaux sociaux, en charge des personnes \u00e2g\u00e9es et des personnes en situation de handicap.<br>\u00c9tablissement des partenariats formalis\u00e9s avec les \u00e9tablissements sociaux et organismes financeurs, les dispositifs sp\u00e9cialis\u00e9s dans l\u2019accompagnement de la fin de vie<\/li><li>Lien avec les organismes proposant des actions de pr\u00e9vention, les dispositifs sp\u00e9cialis\u00e9s dans les maladies neurod\u00e9g\u00e9n\u00e9ratives, les organismes de lutte contre l\u2019isolement.&nbsp;<\/li><\/ul>\n\n\n\n<p class=\"has-vivid-red-color has-text-color\"><strong>Les actions de pr\u00e9vention de la maltraitance&nbsp;<\/strong><strong><\/strong><\/p>\n\n\n\n<p>Mise en place des actions de sensibilisation et de formation relatives au d\u00e9veloppement de postures bien traitantes, au rep\u00e9rage, au signalement et au traitement des situations de maltraitance \u00e0 destination des intervenants \u00e0 domicile et des encadrants.&nbsp;<\/p>\n\n\n\n<p>Le gestionnaire propose des conditions de travail, d\u2019organisation et de fonctionnement du service favorables aux pratiques bien traitantes et veille \u00e0 limiter l&rsquo;isolement professionnel des intervenants : temps collectifs et d\u2019\u00e9changes professionnels, tutorat pour les nouveaux salari\u00e9s.&nbsp;<\/p>\n\n\n\n<p>Il informe la personne accompagn\u00e9e qu\u2019elle peut faire appel \u00e0 une personne qualifi\u00e9e ainsi qu\u2019au m\u00e9diateur de la consommation (art L. 612-1 du code de la consommation).&nbsp;<\/p>\n\n\n\n<p>Le collectif citoyen travaille ce sujet avec les diff\u00e9rents acteurs car c\u2019est un enjeu fort de solidarit\u00e9 et de bienveillance au c\u0153ur de son projet&nbsp;: 47% des habitants ont plus de 60 ans&nbsp;<\/p>\n\n\n\n<p class=\"has-text-align-center has-vivid-cyan-blue-color has-text-color\"><strong>Le d\u00e9bat&nbsp;: vous pouvez participer au d\u00e9bat et donner votre avis<\/strong><\/p>\n\n\n\n<p><strong>Quelques remarques collect\u00e9es&nbsp;:<\/strong><\/p>\n\n\n\n<p>&#8211; Les personnes en difficult\u00e9 particuli\u00e8re et leurs aidants peuvent s\u2019adresser au Centre M\u00e9dico-Social (CMS) pour leur prise en charge ; le CCAS ou toute personne proche d\u2019une personne en difficult\u00e9 peut \u00e9galement faire un signalement aupr\u00e8s du CMS.<\/p>\n\n\n\n<p>&#8211; L\u2019invisibilit\u00e9 du centre m\u00e9dico-psychologique (CMP) dans le circuit de soins\u2026<\/p>\n\n\n\n<p>&#8211; La mise en place de l\u2019hospitalisation \u00e0 domicile (HAD) en sortie d\u2019h\u00f4pital qui fait appel aux professionnels lib\u00e9raux du territoire, l\u2019h\u00f4pital en assurant la gestion et la coordination.&nbsp;<\/p>\n\n\n\n<p>&#8211; L\u2019intervention possible du service de soins palliatifs \u00e0 domicile\u2026<\/p>\n\n\n\n<p>&#8211; Comment faire en sorte que ce coordinateur voit le jour&nbsp;?&nbsp;<\/p>\n\n\n\n<p>&#8211; Les personnes \u00e2g\u00e9es seront-elles associ\u00e9es \u00e0 l\u2019\u00e9volution du projet d\u2019autonomie \u00e0 domicile puisque nous n\u2019avons aucune connaissance des d\u00e9cisions prises&nbsp;?<\/p>\n\n\n\n<p>&#8211; Besoin urgent d\u2019informer les personnes \u00e2g\u00e9es&nbsp;: les num\u00e9ros utiles de t\u00e9l\u00e9phone, la d\u00e9marche \u00e0 suivre localement\u2026<\/p>\n\n\n\n<p>A suivre<\/p>\n","protected":false},"excerpt":{"rendered":"<p>Le p\u2019tit journal du Collectif Citoyen du Pays de Dieulefit Vivre et vieillir \u00e0 domicile&nbsp;: d\u00e9cret du 13 juillet 2023&nbsp; Nous sommes nombreux \u00e0 r\u00eaver de cette option&nbsp;: rester chez soi le plus longtemps possible&nbsp;! Le gouvernement a publi\u00e9 ses orientations pour les ann\u00e9es \u00e0 venir, regroupant tous les services existants sous le signe SAD&nbsp;:&nbsp;service [&hellip;]<\/p>\n","protected":false},"author":1,"featured_media":0,"comment_status":"closed","ping_status":"closed","sticky":true,"template":"","format":"standard","meta":{"sfsi_plus_gutenberg_text_before_share":"","sfsi_plus_gutenberg_show_text_before_share":"","sfsi_plus_gutenberg_icon_type":"","sfsi_plus_gutenberg_icon_alignemt":"","sfsi_plus_gutenburg_max_per_row":"","footnotes":""},"categories":[1],"tags":[],"_links":{"self":[{"href":"https:\/\/collectifcitoyen.org\/index.php?rest_route=\/wp\/v2\/posts\/3235"}],"collection":[{"href":"https:\/\/collectifcitoyen.org\/index.php?rest_route=\/wp\/v2\/posts"}],"about":[{"href":"https:\/\/collectifcitoyen.org\/index.php?rest_route=\/wp\/v2\/types\/post"}],"author":[{"embeddable":true,"href":"https:\/\/collectifcitoyen.org\/index.php?rest_route=\/wp\/v2\/users\/1"}],"replies":[{"embeddable":true,"href":"https:\/\/collectifcitoyen.org\/index.php?rest_route=%2Fwp%2Fv2%2Fcomments&post=3235"}],"version-history":[{"count":4,"href":"https:\/\/collectifcitoyen.org\/index.php?rest_route=\/wp\/v2\/posts\/3235\/revisions"}],"predecessor-version":[{"id":3257,"href":"https:\/\/collectifcitoyen.org\/index.php?rest_route=\/wp\/v2\/posts\/3235\/revisions\/3257"}],"wp:attachment":[{"href":"https:\/\/collectifcitoyen.org\/index.php?rest_route=%2Fwp%2Fv2%2Fmedia&parent=3235"}],"wp:term":[{"taxonomy":"category","embeddable":true,"href":"https:\/\/collectifcitoyen.org\/index.php?rest_route=%2Fwp%2Fv2%2Fcategories&post=3235"},{"taxonomy":"post_tag","embeddable":true,"href":"https:\/\/collectifcitoyen.org\/index.php?rest_route=%2Fwp%2Fv2%2Ftags&post=3235"}],"curies":[{"name":"wp","href":"https:\/\/api.w.org\/{rel}","templated":true}]}}