{"id":3158,"date":"2023-08-19T15:49:45","date_gmt":"2023-08-19T14:49:45","guid":{"rendered":"http:\/\/collectifcitoyen.org\/?p=3158"},"modified":"2023-08-20T08:48:22","modified_gmt":"2023-08-20T07:48:22","slug":"macron-avait-promit","status":"publish","type":"post","link":"https:\/\/collectifcitoyen.org\/?p=3158","title":{"rendered":"Le Pr\u00e9sident Macron avait promis"},"content":{"rendered":"\n<p class=\"has-luminous-vivid-orange-color has-text-color\"><strong>Retraite&nbsp;: 25 avril 2019<\/strong><\/p>\n\n\n\n<p><em>\u00ab&nbsp;Est-ce l\u00e9gal de reculer l\u2019\u00e2ge de la retraite&nbsp;: je ne le crois. Je me suis engag\u00e9 \u00e0 ne pas le faire . c\u2019est mieux sur un sujet aussi important de faire ce qu\u2019on a dit&nbsp;\u00bb Il l\u2019a fait 49.3<\/em><\/p>\n\n\n\n<p class=\"has-vivid-red-color has-text-color\"><strong>Le droit des femmes&nbsp;: programme de 2017<\/strong><\/p>\n\n\n\n<p><em>\u00ab&nbsp;Ce sera la grande cause du quinquennat&nbsp;\u00bb<\/em>&nbsp;avec un minist\u00e8re des droits de femmes dont on n\u2019a pas vu la couleur, avec en prime, au gouvernement, des \u00e9lus accus\u00e9s de viol ou de comportements sexiste.<\/p>\n\n\n\n<p class=\"has-vivid-red-color has-text-color\"><strong>Mis<\/strong>e en examen<\/p>\n\n\n\n<p>\u00ab&nbsp;<em>Un ministre doit quitter le gouvernement lorsqu\u2019il est mis en<\/em>&nbsp;examen&nbsp;\u00bb des dizaines de ministres sont concern\u00e9s pour raisons financi\u00e8re ou prise ill\u00e9gale d\u2019int\u00e9r\u00eat\u2026 et gardent leur fonction<\/p>\n\n\n\n<p class=\"has-vivid-red-color has-text-color\"><strong>Logement&nbsp;: 27 juillet 2017&nbsp;<\/strong><\/p>\n\n\n\n<p><em>\u00ab&nbsp;Je ne veux plus, d\u2019ici \u00e0 la fin de l\u2019ann\u00e9e avoir des femmes et des hommes dans les rues, dans les bois ou perdus&nbsp;\u00bb<\/em>&nbsp; 300&nbsp;000 personnes \u00e9taient dans cette situation et selon le rapport de la fondation Abb\u00e9 -pierre, 330&nbsp;000 personnes sont aujourd\u2019hui sans domicile en France.<\/p>\n\n\n\n<p>Juin 2023 un nouveau plan&nbsp;: 340 \u00e0 500 millions pour la r\u00e9insertion de personnes SDF, et cr\u00e9ation de 20&nbsp;000 \u00e0 80&nbsp;000 logements pour les sans-abris.&nbsp;<\/p>\n\n\n\n<p>Des miettes pour l\u2019association droit au logement&nbsp;: \u00ab&nbsp;<em>L\u2019\u00c9tat a encaiss\u00e9 89 milliards de recettes fiscales li\u00e9es au logement et n\u2019a consacr\u00e9 que 37 milliards \u00e0 sa politique du logement<\/em>&nbsp;\u00bb.<\/p>\n\n\n\n<p><strong>Des solutions&nbsp;:<\/strong><\/p>\n\n\n\n<p>Mobiliser les 3,1 millions de logement vacants, la cr\u00e9ation d\u2019un million de logement sociaux en 5 ans, l\u2019encadrement des loyers, l\u2019arr\u00eat des expulsions sans relogement.<\/p>\n\n\n\n<p class=\"has-vivid-red-color has-text-color\"><strong>Lutte contre le RN<\/strong><\/p>\n\n\n\n<p><em>\u00ab&nbsp;Je ferai tout pour qu\u2019il n\u2019y ait plu aucune raison de voter pour les extr\u00eames&nbsp;<\/em>\u00bb. il va falloir se mobiliser et faire une politique sociale&nbsp;: il y a urgence !<\/p>\n","protected":false},"excerpt":{"rendered":"<p>Retraite&nbsp;: 25 avril 2019 \u00ab&nbsp;Est-ce l\u00e9gal de reculer l\u2019\u00e2ge de la retraite&nbsp;: je ne le crois. Je me suis engag\u00e9 \u00e0 ne pas le faire . c\u2019est mieux sur un sujet aussi important de faire ce qu\u2019on a dit&nbsp;\u00bb Il l\u2019a fait 49.3 Le droit des femmes&nbsp;: programme de 2017 \u00ab&nbsp;Ce sera la grande cause [&hellip;]<\/p>\n","protected":false},"author":1,"featured_media":0,"comment_status":"closed","ping_status":"closed","sticky":false,"template":"","format":"standard","meta":{"sfsi_plus_gutenberg_text_before_share":"","sfsi_plus_gutenberg_show_text_before_share":"","sfsi_plus_gutenberg_icon_type":"","sfsi_plus_gutenberg_icon_alignemt":"","sfsi_plus_gutenburg_max_per_row":"","footnotes":""},"categories":[1],"tags":[],"_links":{"self":[{"href":"https:\/\/collectifcitoyen.org\/index.php?rest_route=\/wp\/v2\/posts\/3158"}],"collection":[{"href":"https:\/\/collectifcitoyen.org\/index.php?rest_route=\/wp\/v2\/posts"}],"about":[{"href":"https:\/\/collectifcitoyen.org\/index.php?rest_route=\/wp\/v2\/types\/post"}],"author":[{"embeddable":true,"href":"https:\/\/collectifcitoyen.org\/index.php?rest_route=\/wp\/v2\/users\/1"}],"replies":[{"embeddable":true,"href":"https:\/\/collectifcitoyen.org\/index.php?rest_route=%2Fwp%2Fv2%2Fcomments&post=3158"}],"version-history":[{"count":5,"href":"https:\/\/collectifcitoyen.org\/index.php?rest_route=\/wp\/v2\/posts\/3158\/revisions"}],"predecessor-version":[{"id":3172,"href":"https:\/\/collectifcitoyen.org\/index.php?rest_route=\/wp\/v2\/posts\/3158\/revisions\/3172"}],"wp:attachment":[{"href":"https:\/\/collectifcitoyen.org\/index.php?rest_route=%2Fwp%2Fv2%2Fmedia&parent=3158"}],"wp:term":[{"taxonomy":"category","embeddable":true,"href":"https:\/\/collectifcitoyen.org\/index.php?rest_route=%2Fwp%2Fv2%2Fcategories&post=3158"},{"taxonomy":"post_tag","embeddable":true,"href":"https:\/\/collectifcitoyen.org\/index.php?rest_route=%2Fwp%2Fv2%2Ftags&post=3158"}],"curies":[{"name":"wp","href":"https:\/\/api.w.org\/{rel}","templated":true}]}}