{"id":3077,"date":"2022-10-14T15:14:19","date_gmt":"2022-10-14T14:14:19","guid":{"rendered":"http:\/\/collectifcitoyen.org\/?p=3077"},"modified":"2022-10-14T15:14:19","modified_gmt":"2022-10-14T14:14:19","slug":"leau-sur-nos-territoire","status":"publish","type":"post","link":"https:\/\/collectifcitoyen.org\/?p=3077","title":{"rendered":"L&rsquo;eau sur nos territoire"},"content":{"rendered":"\n<div class=\"wp-block-cover aligncenter has-background-dim\"><img loading=\"lazy\" decoding=\"async\" width=\"195\" height=\"110\" class=\"wp-block-cover__image-background wp-image-3030\" alt=\"\" src=\"http:\/\/collectifcitoyen.org\/wp-content\/uploads\/2022\/09\/3.jpg\" data-object-fit=\"cover\"\/><div class=\"wp-block-cover__inner-container is-layout-flow wp-block-cover-is-layout-flow\">\n<p class=\"has-large-font-size\"><\/p>\n<\/div><\/div>\n\n\n\n<p class=\"has-vivid-cyan-blue-color has-text-color\">Compte-rendu atelier eau, ressource vitale du 4 octobre 2022<\/p>\n\n\n\n<p class=\"has-vivid-cyan-blue-color has-text-color\"><strong>La consommation d\u2019eau potable<\/strong><\/p>\n\n\n\n<p>La consommation d\u2019eau potable de la CCDB a \u00e9t\u00e9 stable sur la p\u00e9riode 2015-2021 et oscille entre 430 et 480.000 m<sup>3<\/sup>. La moyenne de la consommation par compteur est de 113 m<sup>3<\/sup>\/an ce qui est inf\u00e9rieur \u00e0 la moyenne nationale qui est de 120 m<sup>3<\/sup>\/an pour un m\u00e9nage de 4 personnes.<\/p>\n\n\n\n<p class=\"has-vivid-cyan-blue-color has-text-color\"><strong>La ressource\u00a0?<\/strong><\/p>\n\n\n\n<p>Pour le SIEA, il n\u2019y a pas de pr\u00e9occupation sur la ressource dont l\u2019essentiel est fourni par le puit de Barjol \u00e0 Montjoux (200.000 m<sup>3<\/sup>) et la source du Veyret \u00e0 Dieulefit (150.000 m<sup>3<\/sup>). La surconsommation estivale est g\u00e9r\u00e9e par nos capacit\u00e9s de stockage et surtout le maillage du r\u00e9seau AEP et l\u2019interconnexion des diff\u00e9rentes sources d\u2019approvisionnement.<\/p>\n\n\n\n<p class=\"has-vivid-cyan-blue-color has-text-color\"><strong>Les arr\u00eat\u00e9s s\u00e9cheresse<\/strong><\/p>\n\n\n\n<p>Les arr\u00eat\u00e9s s\u00e9cheresse de niveau 1 \u00e0 4 (crise) pris par la Pr\u00e9fecture de la Dr\u00f4me cet \u00e9t\u00e9 apr\u00e8s avis du Comit\u00e9 S\u00e9cheresse o\u00f9 si\u00e8gent les diff\u00e9rents usagers de l\u2019eau ont concern\u00e9 les bassins versants du Roubion-Jabron et du Lez. Ils doivent \u00eatre appliqu\u00e9s partout m\u00eame s\u2019il n\u2019y a pas de p\u00e9nurie de la ressource ent\u00eate de bassin pour des raisons de solidarit\u00e9 entre l\u2019amont et l\u2019aval. Leur objectif n\u2019est pas seulement de satisfaire les besoins en eau potable et en irrigation agricole, mais \u00e9galement ceux des milieux aquatiques dont d\u00e9pend la qualit\u00e9 des eaux brutes.<\/p>\n\n\n\n<p class=\"has-vivid-cyan-blue-color has-text-color\"><strong>La situation des 2 bassins versants du Lez et du Roubion-Jabron<\/strong><\/p>\n\n\n\n<p>Or la situation des 2 bassins versants du Lez et du Roubion-Jabron dans lesquels nous pr\u00e9levons notre eau est critique. L\u2019hydrologie m\u00e9diterran\u00e9enne est naturellement contraignante et les effets du r\u00e9chauffement climatique vont se traduire par une augmentation des temp\u00e9ratures (des canicules plus fr\u00e9quentes et plus longues), une modification du r\u00e9gime des pr\u00e9cipitations (il pleuvra moins tout au long de l\u2019ann\u00e9e et notamment en \u00e9t\u00e9) et par une augmentation de l\u2019\u00e9vapotranspiration et de l\u2019ass\u00e8chement des sols. De ce fait, sur notre territoire, la ressource en eau souterraine est dans une situation d\u2019\u00e9quilibre fragile qui n\u00e9cessite le gel des pr\u00e9l\u00e8vements et la ressource en eau superficielle est dans une situation de d\u00e9s\u00e9quilibre qui n\u00e9cessite une \u00e9conomie des pr\u00e9l\u00e8vements de 30 % \u00e0 l\u2019horizon de 2027.<\/p>\n\n\n\n<p class=\"has-vivid-cyan-blue-color has-text-color\"><strong>\u00c9conomie des pr\u00e9l\u00e8vements comment atteindre cet objectif<\/strong><\/p>\n\n\n\n<p>Pour atteindre ces objectifs fix\u00e9s par l\u2019Agence de l\u2019eau, des plans de gestion de la ressource en eau ont \u00e9t\u00e9 mis en place sur les 2 bassins versants. Une commission ressource quantitative va \u00eatre mise en place dans le cadre du 2<sup>\u00e8me<\/sup>&nbsp;contrat de rivi\u00e8re Roubion-Jabron qui vient d\u2019\u00eatre sign\u00e9 et une commission consultative \u00ab&nbsp;Vision d\u2019Avenir&nbsp;\u00bb va bient\u00f4t se mettre en place au sein du SIEA. Le Collectif Citoyen (CC) a \u00e9t\u00e9 invit\u00e9 \u00e0 ces 2 commissions.<\/p>\n\n\n\n<p class=\"has-vivid-cyan-blue-color has-text-color\"><strong>Contacts\u00a0: SIEA, SMBRJ, SMBVL et CC<\/strong><\/p>\n","protected":false},"excerpt":{"rendered":"<p>Compte-rendu atelier eau, ressource vitale du 4 octobre 2022 La consommation d\u2019eau potable La consommation d\u2019eau potable de la CCDB a \u00e9t\u00e9 stable sur la p\u00e9riode 2015-2021 et oscille entre 430 et 480.000 m3. La moyenne de la consommation par compteur est de 113 m3\/an ce qui est inf\u00e9rieur \u00e0 la moyenne nationale qui est [&hellip;]<\/p>\n","protected":false},"author":1,"featured_media":0,"comment_status":"closed","ping_status":"closed","sticky":false,"template":"","format":"standard","meta":{"sfsi_plus_gutenberg_text_before_share":"","sfsi_plus_gutenberg_show_text_before_share":"","sfsi_plus_gutenberg_icon_type":"","sfsi_plus_gutenberg_icon_alignemt":"","sfsi_plus_gutenburg_max_per_row":"","footnotes":""},"categories":[1],"tags":[],"_links":{"self":[{"href":"https:\/\/collectifcitoyen.org\/index.php?rest_route=\/wp\/v2\/posts\/3077"}],"collection":[{"href":"https:\/\/collectifcitoyen.org\/index.php?rest_route=\/wp\/v2\/posts"}],"about":[{"href":"https:\/\/collectifcitoyen.org\/index.php?rest_route=\/wp\/v2\/types\/post"}],"author":[{"embeddable":true,"href":"https:\/\/collectifcitoyen.org\/index.php?rest_route=\/wp\/v2\/users\/1"}],"replies":[{"embeddable":true,"href":"https:\/\/collectifcitoyen.org\/index.php?rest_route=%2Fwp%2Fv2%2Fcomments&post=3077"}],"version-history":[{"count":1,"href":"https:\/\/collectifcitoyen.org\/index.php?rest_route=\/wp\/v2\/posts\/3077\/revisions"}],"predecessor-version":[{"id":3078,"href":"https:\/\/collectifcitoyen.org\/index.php?rest_route=\/wp\/v2\/posts\/3077\/revisions\/3078"}],"wp:attachment":[{"href":"https:\/\/collectifcitoyen.org\/index.php?rest_route=%2Fwp%2Fv2%2Fmedia&parent=3077"}],"wp:term":[{"taxonomy":"category","embeddable":true,"href":"https:\/\/collectifcitoyen.org\/index.php?rest_route=%2Fwp%2Fv2%2Fcategories&post=3077"},{"taxonomy":"post_tag","embeddable":true,"href":"https:\/\/collectifcitoyen.org\/index.php?rest_route=%2Fwp%2Fv2%2Ftags&post=3077"}],"curies":[{"name":"wp","href":"https:\/\/api.w.org\/{rel}","templated":true}]}}