{"id":3055,"date":"2022-10-12T09:04:36","date_gmt":"2022-10-12T08:04:36","guid":{"rendered":"http:\/\/collectifcitoyen.org\/?p=3055"},"modified":"2023-06-14T15:01:35","modified_gmt":"2023-06-14T14:01:35","slug":"il-faut-garder-la-cardiologie-a-dieulefit","status":"publish","type":"post","link":"https:\/\/collectifcitoyen.org\/?p=3055","title":{"rendered":"Il faut garder la cardiologie \u00e0 Dieulefit"},"content":{"rendered":"\n<p class=\"has-vivid-purple-color has-text-color\"><strong>Dieulefit sant\u00e9&nbsp;: quel projet pour l\u2019avenir&nbsp;?<\/strong><br>Dans le dernier petit journal nous avons pos\u00e9 le probl\u00e8me de la sant\u00e9 \u00e0 Dieulefit. Les populations ignorent le devenir des structures locales qui pourtant les concernent et les inqui\u00e8tent.&nbsp;<\/p>\n\n\n\n<p class=\"has-vivid-purple-color has-text-color\">Dieulefit Sant\u00e9 est un centre de r\u00e9adaptation&nbsp;sp\u00e9cialis\u00e9 priv\u00e9 \u00e0 but non lucratif install\u00e9 \u00e0 Dieulefit. Il dispose de 101 lits en hospitalisation compl\u00e8te et de 20 places de r\u00e9adaptation ambulatoire.<\/p>\n\n\n\n<p class=\"has-vivid-purple-color has-text-color\"><span style=\"font-size: revert;\">Les sp\u00e9cialit\u00e9s qui sont prises en charge sont <strong>les maladies cardiovasculaires<\/strong>, <strong>les maladies de l&rsquo;appareil<\/strong> <strong>respiratoire<\/strong>,<strong> les maladies neurologiques <\/strong>et <strong>les pathologies de l&rsquo;appareil locomoteur <\/strong>notamment apr\u00e8s chirurgie orthop\u00e9dique.<\/span><\/p>\n\n\n\n<p><img decoding=\"async\" src=\"http:\/\/dieulefit-sante.org\/assets\/_1000x700_crop_center-center_75\/DSC_0152.JPG\"><\/p>\n\n\n\n<p class=\"has-text-align-center has-vivid-red-color has-text-color has-medium-font-size\"><strong>Nous sommes alert\u00e9s sur le projet de transfert de la cardiologie \u00e0 Mont\u00e9limar<\/strong><\/p>\n\n\n\n<p>Les informations nous parviennent aujourd\u2019hui via la presse, alors que le projet de restructuration de Dieulefit sant\u00e9 qui concerne tant les employ\u00e9s que les habitants n\u2019a fait l\u2019objet d\u2019aucun d\u00e9bat citoyen.&nbsp;&nbsp;<\/p>\n\n\n\n<p>Riches d\u2019un centre de cardiologie local, nous \u00e9tions nombreux \u00e0 demander (sans succ\u00e8s) l\u2019extension de ce service aux habitants&nbsp;: la population \u00e2g\u00e9e doit se d\u00e9placer \u00e0 Mont\u00e9limar pour obtenir bilans et soins.<\/p>\n\n\n\n<p>Il est indiqu\u00e9 dans le journal local, (toujours sans d\u00e9bat citoyen) que les responsables de Dieulefit sant\u00e9 envisagent d\u2019investir 3 millions d\u2019euros pour d\u00e9placer le service de cardiologie \u00e0 Mont\u00e9limar, au motif qu\u2019il y a des difficult\u00e9s \u00e0 recruter des cardiologues en milieu rural. \u00ab&nbsp;<em>Compte tenu de la p\u00e9nurie m\u00e9dicale, nos chances de recruter 3 cardiologues sur le site de Dieulefit d\u2019ici 3 ans sont tr\u00e8s faibles&nbsp;\u00bb<\/em>&nbsp;affirment-ils.<\/p>\n\n\n\n<p class=\"has-vivid-red-color has-text-color has-medium-font-size\"><strong>L&rsquo;agence r\u00e9gionale de sant\u00e9 a pr\u00e9cis\u00e9 le probl\u00e8me serait le m\u00eame \u00e0 Mont\u00e9limar et qu&rsquo;un d\u00e9placement co\u00fbteux ne r\u00e9soudrait pas le probl\u00e8me !<\/strong><\/p>\n\n\n\n<p>Cette demande de transfert est inqui\u00e9tante : <\/p>\n\n\n\n<p><strong>Si, plus tard, il manque des cardiologues \u00e0 Mont\u00e9limar, d\u00e9placera-t-on \u00e0 nouveau le centre de soin  \u00e0 Valence puis \u00e0 Lyon&nbsp;??? <\/strong><\/p>\n\n\n\n<p><strong>Comme il manque de nombreux sp\u00e9cialistes des maladies respiratoires et neurologiques, ces secteurs seront ils d\u00e9plac\u00e9s \u00e0 leur tour sur Mont\u00e9limar<\/strong> ???<\/p>\n\n\n\n<p class=\"has-text-align-center has-vivid-red-color has-text-color\"><strong>Ne serait-ce pas l\u00e0 l\u2019amplification du d\u00e9sert m\u00e9dical en milieu rural&nbsp;?<\/strong><\/p>\n\n\n\n<p class=\"has-text-align-center has-vivid-red-color has-text-color\"><strong>On pourrait envisager le probl\u00e8me autrement<\/strong><\/p>\n\n\n\n<p>En exigeant des professionnels de sant\u00e9, pay\u00e9s par la s\u00e9curit\u00e9 sociale, donc par nos deniers, une \u00e9thique de fonctionnement&nbsp;: mieux vaut d\u00e9placer 3 cardiologues hospitaliers bien r\u00e9mun\u00e9r\u00e9s sur un centre de soin qu\u2019imposer le d\u00e9placement de la population et des lieux avec un investissement de 3 millions d\u2019euros&nbsp;! <\/p>\n\n\n\n<p>D\u00e9placer les professionnels serait la solution: c&rsquo;est \u00e7e que l&rsquo;on nomme la m\u00e9decine avanc\u00e9e ! Que Dieulefit innove !<\/p>\n\n\n\n<p>Les enseignants doivent travailler en milieu rural sans rechigner, pourquoi pas le personnel hospitalier&nbsp;?<\/p>\n\n\n\n<p>Le centre de Dieulefit sant\u00e9 est fonctionnel dans un espace de grande qualit\u00e9 o\u00f9 il fait bon vivre et se reposer loin des pollutions et de la chaleur des villes.\u00a0<\/p>\n\n\n\n<p class=\"has-vivid-red-color has-text-color\"><strong>En maintenant la cardiologie \u00e0 Dieulefit,  les emplois ne pourront qu\u2019augmenter et c\u2019est tant mieux.<\/strong><\/p>\n\n\n\n<p class=\"has-text-align-center has-vivid-red-color has-text-color has-large-font-size\">Tout cela doit \u00eatre d\u00e9battu avec les habitants .<br>&nbsp;<\/p>\n","protected":false},"excerpt":{"rendered":"<p>Dieulefit sant\u00e9&nbsp;: quel projet pour l\u2019avenir&nbsp;?Dans le dernier petit journal nous avons pos\u00e9 le probl\u00e8me de la sant\u00e9 \u00e0 Dieulefit. Les populations ignorent le devenir des structures locales qui pourtant les concernent et les inqui\u00e8tent.&nbsp; Dieulefit Sant\u00e9 est un centre de r\u00e9adaptation&nbsp;sp\u00e9cialis\u00e9 priv\u00e9 \u00e0 but non lucratif install\u00e9 \u00e0 Dieulefit. Il dispose de 101 lits [&hellip;]<\/p>\n","protected":false},"author":1,"featured_media":0,"comment_status":"closed","ping_status":"closed","sticky":false,"template":"","format":"standard","meta":{"sfsi_plus_gutenberg_text_before_share":"","sfsi_plus_gutenberg_show_text_before_share":"","sfsi_plus_gutenberg_icon_type":"","sfsi_plus_gutenberg_icon_alignemt":"","sfsi_plus_gutenburg_max_per_row":"","footnotes":""},"categories":[1],"tags":[],"_links":{"self":[{"href":"https:\/\/collectifcitoyen.org\/index.php?rest_route=\/wp\/v2\/posts\/3055"}],"collection":[{"href":"https:\/\/collectifcitoyen.org\/index.php?rest_route=\/wp\/v2\/posts"}],"about":[{"href":"https:\/\/collectifcitoyen.org\/index.php?rest_route=\/wp\/v2\/types\/post"}],"author":[{"embeddable":true,"href":"https:\/\/collectifcitoyen.org\/index.php?rest_route=\/wp\/v2\/users\/1"}],"replies":[{"embeddable":true,"href":"https:\/\/collectifcitoyen.org\/index.php?rest_route=%2Fwp%2Fv2%2Fcomments&post=3055"}],"version-history":[{"count":6,"href":"https:\/\/collectifcitoyen.org\/index.php?rest_route=\/wp\/v2\/posts\/3055\/revisions"}],"predecessor-version":[{"id":3088,"href":"https:\/\/collectifcitoyen.org\/index.php?rest_route=\/wp\/v2\/posts\/3055\/revisions\/3088"}],"wp:attachment":[{"href":"https:\/\/collectifcitoyen.org\/index.php?rest_route=%2Fwp%2Fv2%2Fmedia&parent=3055"}],"wp:term":[{"taxonomy":"category","embeddable":true,"href":"https:\/\/collectifcitoyen.org\/index.php?rest_route=%2Fwp%2Fv2%2Fcategories&post=3055"},{"taxonomy":"post_tag","embeddable":true,"href":"https:\/\/collectifcitoyen.org\/index.php?rest_route=%2Fwp%2Fv2%2Ftags&post=3055"}],"curies":[{"name":"wp","href":"https:\/\/api.w.org\/{rel}","templated":true}]}}