{"id":2903,"date":"2022-05-28T09:41:19","date_gmt":"2022-05-28T08:41:19","guid":{"rendered":"http:\/\/collectifcitoyen.org\/?p=2903"},"modified":"2023-08-03T14:06:52","modified_gmt":"2023-08-03T13:06:52","slug":"sante-urgence-a-dieulefit","status":"publish","type":"post","link":"https:\/\/collectifcitoyen.org\/?p=2903","title":{"rendered":"Sant\u00e9 : urgence a Dieulefit"},"content":{"rendered":"\n<p><strong>Le collectif citoyen se pr\u00e9occupe de la sant\u00e9<\/strong><\/p>\n\n\n\n<p>Nous avions la chance de b\u00e9n\u00e9ficier d\u2019un secteur sant\u00e9 fort et porteur d\u2019emploi<\/p>\n\n\n\n<p>M\u00e9decine de ville bien structur\u00e9e, p\u00f4le Dieulefit sant\u00e9, h\u00f4pital, Ehpad&nbsp;\u00e0 l\u2019h\u00f4pital, aux \u00e9chirous, Kin\u00e9s, ost\u00e9opathes, laboratoire, infirmi\u00e8res, aides soignants&#8230;<\/p>\n\n\n\n<p><strong>Le sujet de la sant\u00e9 est devenu un sujet pr\u00e9occupant<\/strong><\/p>\n\n\n\n<p>L&rsquo;annonce de la suppression des 12 lits de soins de l&rsquo;hopital de Dieulefit pose probl\u00e8me : les populations malades devront se rendre \u00e0 Mont\u00e9limar et leur famille prendre la voiture pour les rejoindre. <\/p>\n\n\n\n<p>Des m\u00e9decins annoncent un d\u00e9part en retraite imminents<\/p>\n\n\n\n<p>Le p\u00f4le cardiologique de dieulefit sant\u00e9 tant appr\u00e9ci\u00e9 d\u00e9m\u00e9nagerait \u00e0 Montelimar<\/p>\n\n\n\n<p>La population de Dieulefit vieillit et les outils d\u00e9di\u00e9s \u00e0 la sant\u00e9 seront en diminution&nbsp;!<\/p>\n\n\n\n<p><strong>Le sujet de la sant\u00e9 est l\u2019un des premiers \u00e0 traiter sur la commune<\/strong><\/p>\n\n\n\n<p>Tout se passe comme si la sant\u00e9 n&rsquo;\u00e9tait pas notre pr\u00e9occupation premi\u00e8re : les communes et communaut\u00e9s de commune ne sont pas consult\u00e9es sur des choix qui sont faits par des administratifs qui ne connaissent rien aux r\u00e9alit\u00e9s locales.<\/p>\n\n\n\n<p>Surtout, l&rsquo;information est manquante : les populations d\u00e9couvrent une \u00e0 une des d\u00e9cisions prises, les modifications des secteurs de sant\u00e9 sans en \u00eatre inform\u00e9s, sans pouvoir agir ni exprimer la moindre attente !<\/p>\n\n\n\n<p>La mairie a organis\u00e9 une manifestation et a annonc\u00e9 la cr\u00e9ation d&rsquo;une maison de sant\u00e9.<\/p>\n\n\n\n<p>N<strong>ous demandons <\/strong><\/p>\n\n\n\n<p><strong>Que ce dossier de la sant\u00e9 sur Dieulefit soit mis \u00e0 l\u2019\u00e9tude rapidement, en associant les habitants qui sont les premiers concern\u00e9s, les professionnels de sant\u00e9, les \u00e9lus, l&rsquo;agence r\u00e9gionale de sant\u00e9 et ce dans la plus totale transparence<\/strong>.<\/p>\n\n\n\n<p>-Le maintien des lits de soins \u00e0 l&rsquo;hopital de dieulefit est la premi\u00e8re exigence qui doit \u00eatre pos\u00e9e<\/p>\n\n\n\n<p>-La construction rapide d&rsquo;un centre de sant\u00e9. <\/p>\n\n\n\n<p>&#8211; Les soins pour les personnes fragilis\u00e9es doivent faire l&rsquo;objet d&rsquo;une r\u00e9flexion globale en institution comme \u00e0 domicile<\/p>\n\n\n\n<p>-Toutes les propositions innovantes doivent \u00eatre entendues : m\u00e9decine avanc\u00e9e, nouvelle formation d&rsquo;infirmi\u00e8res sp\u00e9cialis\u00e9es qui all\u00e9geront la t\u00e2che des m\u00e9decins&#8230;<\/p>\n\n\n\n<p>A nous de prot\u00e9ger  nos acquis et de ne pas c\u00e9der devant les injonctions de l&rsquo;h\u00f4pital de Mont\u00e9limar ou de l&rsquo;agence r\u00e9gionale de sant\u00e9 ! <\/p>\n\n\n\n<p>Une p\u00e9tition est \u00e0 votre disposition en mairie. <\/p>\n","protected":false},"excerpt":{"rendered":"<p>Le collectif citoyen se pr\u00e9occupe de la sant\u00e9 Nous avions la chance de b\u00e9n\u00e9ficier d\u2019un secteur sant\u00e9 fort et porteur d\u2019emploi M\u00e9decine de ville bien structur\u00e9e, p\u00f4le Dieulefit sant\u00e9, h\u00f4pital, Ehpad&nbsp;\u00e0 l\u2019h\u00f4pital, aux \u00e9chirous, Kin\u00e9s, ost\u00e9opathes, laboratoire, infirmi\u00e8res, aides soignants&#8230; Le sujet de la sant\u00e9 est devenu un sujet pr\u00e9occupant L&rsquo;annonce de la suppression des [&hellip;]<\/p>\n","protected":false},"author":1,"featured_media":0,"comment_status":"closed","ping_status":"closed","sticky":true,"template":"","format":"standard","meta":{"sfsi_plus_gutenberg_text_before_share":"","sfsi_plus_gutenberg_show_text_before_share":"","sfsi_plus_gutenberg_icon_type":"","sfsi_plus_gutenberg_icon_alignemt":"","sfsi_plus_gutenburg_max_per_row":"","footnotes":""},"categories":[1],"tags":[],"_links":{"self":[{"href":"https:\/\/collectifcitoyen.org\/index.php?rest_route=\/wp\/v2\/posts\/2903"}],"collection":[{"href":"https:\/\/collectifcitoyen.org\/index.php?rest_route=\/wp\/v2\/posts"}],"about":[{"href":"https:\/\/collectifcitoyen.org\/index.php?rest_route=\/wp\/v2\/types\/post"}],"author":[{"embeddable":true,"href":"https:\/\/collectifcitoyen.org\/index.php?rest_route=\/wp\/v2\/users\/1"}],"replies":[{"embeddable":true,"href":"https:\/\/collectifcitoyen.org\/index.php?rest_route=%2Fwp%2Fv2%2Fcomments&post=2903"}],"version-history":[{"count":12,"href":"https:\/\/collectifcitoyen.org\/index.php?rest_route=\/wp\/v2\/posts\/2903\/revisions"}],"predecessor-version":[{"id":3149,"href":"https:\/\/collectifcitoyen.org\/index.php?rest_route=\/wp\/v2\/posts\/2903\/revisions\/3149"}],"wp:attachment":[{"href":"https:\/\/collectifcitoyen.org\/index.php?rest_route=%2Fwp%2Fv2%2Fmedia&parent=2903"}],"wp:term":[{"taxonomy":"category","embeddable":true,"href":"https:\/\/collectifcitoyen.org\/index.php?rest_route=%2Fwp%2Fv2%2Fcategories&post=2903"},{"taxonomy":"post_tag","embeddable":true,"href":"https:\/\/collectifcitoyen.org\/index.php?rest_route=%2Fwp%2Fv2%2Ftags&post=2903"}],"curies":[{"name":"wp","href":"https:\/\/api.w.org\/{rel}","templated":true}]}}